{"id":4807,"date":"2024-09-05T11:30:53","date_gmt":"2024-09-05T15:30:53","guid":{"rendered":"https:\/\/ochfoundation.ca\/non-classifiee\/construire-sur-des-bases-solides-la-fondation-lco-accueille-melissa-reeves-en-tant-que-nouvelle-presidente\/"},"modified":"2024-09-09T14:53:57","modified_gmt":"2024-09-09T18:53:57","slug":"construire-sur-des-bases-solides-la-fondation-lco-accueille-melissa-reeves-en-tant-que-nouvelle-presidente","status":"publish","type":"post","link":"https:\/\/ochfoundation.ca\/fr\/actualites\/construire-sur-des-bases-solides-la-fondation-lco-accueille-melissa-reeves-en-tant-que-nouvelle-presidente\/","title":{"rendered":"Construire sur des bases solides : La Fondation LCO accueille Melissa Reeves en tant que nouvelle pr\u00e9sidente"},"content":{"rendered":"\t\t<div data-elementor-type=\"wp-post\" data-elementor-id=\"4807\" class=\"elementor elementor-4807 elementor-4789\" data-elementor-post-type=\"post\">\n\t\t\t\t<div class=\"elementor-element elementor-element-da04cfa e-flex e-con-boxed e-con e-parent\" data-id=\"da04cfa\" data-element_type=\"container\" data-e-type=\"container\">\n\t\t\t\t\t<div class=\"e-con-inner\">\n\t\t\t\t<div class=\"elementor-element elementor-element-a94639c elementor-widget elementor-widget-heading\" data-id=\"a94639c\" data-element_type=\"widget\" data-e-type=\"widget\" data-widget_type=\"heading.default\">\n\t\t\t\t<div class=\"elementor-widget-container\">\n\t\t\t\t\t<h2 class=\"elementor-heading-title elementor-size-default\"><p style=\"text-align:justify\"><b><span>Construire sur des bases solides : La Fondation LCO accueille Melissa Reeves en tant que nouvelle pr\u00e9sidente<\/span><\/b><span style=\"color: var( --e-global-color-primary );text-align: var(--text-align)\"><\/span><\/p><\/h2>\t\t\t\t<\/div>\n\t\t\t\t<\/div>\n\t\t\t\t<div class=\"elementor-element elementor-element-b1a44d4 elementor-widget elementor-widget-image\" data-id=\"b1a44d4\" data-element_type=\"widget\" data-e-type=\"widget\" data-widget_type=\"image.default\">\n\t\t\t\t<div class=\"elementor-widget-container\">\n\t\t\t\t\t\t\t\t\t\t\t\t\t\t\t<img decoding=\"async\" src=\"https:\/\/ochfoundation.ca\/wp-content\/uploads\/elementor\/thumbs\/Melissa2-Union11-1-1-scaled-qto05sqafsesne9u4e2dpzztagxm1g6u4mlg7sqtxe.jpg\" title=\"Melissa2 Union11 (1) (1)\" alt=\"Melissa2 Union11 (1) (1)\" loading=\"lazy\" \/>\t\t\t\t\t\t\t\t\t\t\t\t\t\t\t<\/div>\n\t\t\t\t<\/div>\n\t\t\t\t<div class=\"elementor-element elementor-element-3a24921 elementor-widget elementor-widget-text-editor\" data-id=\"3a24921\" data-element_type=\"widget\" data-e-type=\"widget\" data-widget_type=\"text-editor.default\">\n\t\t\t\t<div class=\"elementor-widget-container\">\n\t\t\t\t\t\t\t\t\t<p style=\"text-align: center;\"><em>Melissa Reeves &#8211; Pr\u00e9sidente, Fondation du logement communautaire d&rsquo;Ottawa<\/em><\/p>\n\t\t\t\t\t\t\t\t<\/div>\n\t\t\t\t<\/div>\n\t\t\t\t<div class=\"elementor-element elementor-element-11fcf7b elementor-widget elementor-widget-text-editor\" data-id=\"11fcf7b\" data-element_type=\"widget\" data-e-type=\"widget\" data-widget_type=\"text-editor.default\">\n\t\t\t\t<div class=\"elementor-widget-container\">\n\t\t\t\t\t\t\t\t\t<p><strong>Ottawa, ON \u2013 Septembre 9, 2024<\/strong> \u2013 La Fondation du logement communautaire d&rsquo;Ottawa (Fondation LCO) est fier d&rsquo;annoncer la nomination de Melissa Reeves, Directrice g\u00e9n\u00e9rale des op\u00e9rations \u00e0 Linebox Studio, en tant que nouvelle pr\u00e9sidente du <a href=\"https:\/\/ochfoundation.ca\/fr\/a-propos-de-nous\/conseil-dadministration\/\">conseil d&rsquo;administration<\/a> de la fondation. Melissa succ\u00e8de \u00e0 Wayne French, dont les 9 ann\u00e9es de mandat en tant que pr\u00e9sident ont \u00e9t\u00e9 d\u00e9terminantes dans l\u2019orientation de la vision et de la mission de la fondation. Wayne continuera \u00e0 guider la fondation dans son nouveau r\u00f4le de pr\u00e9sident sortant.  <\/p>\n<p>Avec un solide conseil d&rsquo;administration compos\u00e9 de leaders comme l&rsquo;ancien maire d&rsquo;Ottawa Jim Watson, de d\u00e9fenseurs de la communaut\u00e9 comme Nick Ethier (vice-pr\u00e9sident de la Fondation de LCO et associ\u00e9 en assurance, PwC Canada) et Tara Lapointe (vice-pr\u00e9sidente, Engagement des intervenants et avancement de la soci\u00e9t\u00e9, Conseil de recherches en sciences humaines), et d&rsquo;autres membres d\u00e9vou\u00e9s, la Fondation de LCO est pr\u00eate \u00e0 poursuivre sa mission d&rsquo;autonomisation des diverses communaut\u00e9s au sein de Logement communautaire d&rsquo;Ottawa (LCO). Melissa Reeves, qui a si\u00e9g\u00e9 au Conseil d&rsquo;administration pendant 8 ans et en a \u00e9t\u00e9 la vice-pr\u00e9sidente au cours des 4 derni\u00e8res ann\u00e9es, est profond\u00e9ment attach\u00e9e \u00e0 cette mission. <\/p>\n\t\t\t\t\t\t\t\t<\/div>\n\t\t\t\t<\/div>\n\t\t\t\t<div class=\"elementor-element elementor-element-3d4b39a elementor-widget elementor-widget-image\" data-id=\"3d4b39a\" data-element_type=\"widget\" data-e-type=\"widget\" data-widget_type=\"image.default\">\n\t\t\t\t<div class=\"elementor-widget-container\">\n\t\t\t\t\t\t\t\t\t\t\t\t\t\t\t<img decoding=\"async\" src=\"https:\/\/ochfoundation.ca\/wp-content\/uploads\/elementor\/thumbs\/Photo-2024-08-09-9-23-09\u202fAM-scaled-qto0fie2yvwz68s4oroc87vkxki10yg80lak9b7thc.jpg\" title=\"Photo 2024-08-09, 9 23 09\u202fAM\" alt=\"Photo 2024-08-09, 9 23 09\u202fAM\" loading=\"lazy\" \/>\t\t\t\t\t\t\t\t\t\t\t\t\t\t\t<\/div>\n\t\t\t\t<\/div>\n\t\t\t\t<div class=\"elementor-element elementor-element-c83f6a4 elementor-widget elementor-widget-text-editor\" data-id=\"c83f6a4\" data-element_type=\"widget\" data-e-type=\"widget\" data-widget_type=\"text-editor.default\">\n\t\t\t\t<div class=\"elementor-widget-container\">\n\t\t\t\t\t\t\t\t\t<p style=\"text-align: center;\"><em>La pr\u00e9sidente de la Fondation de LCO, Melissa Reeves (\u00e0 gauche), l&rsquo;ancien maire d&rsquo;Ottawa et membre du conseil d&rsquo;administration de la Fondation de LCO, Jim Watson (au milieu \u00e0 gauche), et l&rsquo;ancien pr\u00e9sident du conseil d&rsquo;administration de la Fondation de LCO, Wayne French (\u00e0 droite), partagent un moment de d\u00e9tente pendant qu&rsquo;ils emballent des sacs \u00e0 dos avec des b\u00e9n\u00e9voles lors de l&rsquo;\u00e9v\u00e9nement Pack-a-Thon de 24 heures de la Fondation de LCO (9 ao\u00fbt 2024).<\/em><\/p>\n\t\t\t\t\t\t\t\t<\/div>\n\t\t\t\t<\/div>\n\t\t\t\t<div class=\"elementor-element elementor-element-4a40b57 elementor-widget elementor-widget-text-editor\" data-id=\"4a40b57\" data-element_type=\"widget\" data-e-type=\"widget\" data-widget_type=\"text-editor.default\">\n\t\t\t\t<div class=\"elementor-widget-container\">\n\t\t\t\t\t\t\t\t\t<p>\u00ab La vaste exp\u00e9rience de Melissa dans le domaine des op\u00e9rations et son d\u00e9vouement au d\u00e9veloppement communautaire font d&rsquo;elle une dirigeante id\u00e9ale pour la Fondation de LCO en cette p\u00e9riode charni\u00e8re \u00bb, a d\u00e9clar\u00e9 Wayne French, pr\u00e9sident sortant. \u00ab Son leadership sera crucial alors que nous \u00e9largissons nos programmes pour r\u00e9pondre aux besoins croissants de nos communaut\u00e9s. \u00bb <\/p>\n<p>Melissa a d&rsquo;abord \u00e9t\u00e9 attir\u00e9e par la Fondation LCO en raison de l&rsquo;impact de son travail aupr\u00e8s des m\u00e8res c\u00e9libataires, des enfants et des familles vivant dans les quartiers de LCO. Au fil des ans, elle a vu les offres de la Fondation s&rsquo;\u00e9tendre et \u00e9voluer, et elle a \u00e9t\u00e9 un soutien cl\u00e9 dans cette croissance. Sous sa direction, le Conseil d&rsquo;administration continuera \u00e0 tirer parti de l&rsquo;expertise de ses membres pour assurer le succ\u00e8s et la pertinence de la Fondation.  <\/p>\n<p>En tant que directrice g\u00e9n\u00e9rale des op\u00e9rations a\u00e0 Linebox Studio, un cabinet d&rsquo;architecture de premier plan \u00e0 Ottawa, Melissa a supervis\u00e9 la croissance et l&rsquo;\u00e9volution de l&rsquo;entreprise depuis 2012. Linebox est \u00e9galement un soutien ind\u00e9fectible de la Fondation LCO. <\/p>\n\t\t\t\t\t\t\t\t<\/div>\n\t\t\t\t<\/div>\n\t\t\t\t<div class=\"elementor-element elementor-element-9f9c216 elementor-widget elementor-widget-heading\" data-id=\"9f9c216\" data-element_type=\"widget\" data-e-type=\"widget\" data-widget_type=\"heading.default\">\n\t\t\t\t<div class=\"elementor-widget-container\">\n\t\t\t\t\t<h2 class=\"elementor-heading-title elementor-size-default\">Un appel \u00e0 l'action : Prendre de l'expansion pour r\u00e9pondre aux besoins croissants<\/h2>\t\t\t\t<\/div>\n\t\t\t\t<\/div>\n\t\t\t\t<div class=\"elementor-element elementor-element-38ae06b elementor-widget elementor-widget-text-editor\" data-id=\"38ae06b\" data-element_type=\"widget\" data-e-type=\"widget\" data-widget_type=\"text-editor.default\">\n\t\t\t\t<div class=\"elementor-widget-container\">\n\t\t\t\t\t\t\t\t\t<p>Alors que le co\u00fbt de la vie continue d&rsquo;augmenter, la Fondation LCO a doubl\u00e9 tous ses programmes pour r\u00e9pondre aux besoins croissants de la communaut\u00e9. La Fondation \u00e9largit \u00e9galement son champ d&rsquo;action pour inclure les adultes et les personnes \u00e2g\u00e9es, en veillant \u00e0 ce que tous les membres des communaut\u00e9s de LCO aient acc\u00e8s au soutien dont ils ont besoin pour s&rsquo;\u00e9panouir. <\/p>\n\t\t\t\t\t\t\t\t<\/div>\n\t\t\t\t<\/div>\n\t\t\t\t<div class=\"elementor-element elementor-element-6f473ef elementor-widget elementor-widget-image\" data-id=\"6f473ef\" data-element_type=\"widget\" data-e-type=\"widget\" data-widget_type=\"image.default\">\n\t\t\t\t<div class=\"elementor-widget-container\">\n\t\t\t\t\t\t\t\t\t\t\t\t\t\t\t<img decoding=\"async\" src=\"https:\/\/ochfoundation.ca\/wp-content\/uploads\/elementor\/thumbs\/IMG_0602-scaled-qto0mgf5gtf8yioy4rr3ngs6y29nwg0tmytpwwx3i8.jpeg\" title=\"IMG_0602\" alt=\"IMG_0602\" loading=\"lazy\" \/>\t\t\t\t\t\t\t\t\t\t\t\t\t\t\t<\/div>\n\t\t\t\t<\/div>\n\t\t\t\t<div class=\"elementor-element elementor-element-a80a240 elementor-widget elementor-widget-text-editor\" data-id=\"a80a240\" data-element_type=\"widget\" data-e-type=\"widget\" data-widget_type=\"text-editor.default\">\n\t\t\t\t<div class=\"elementor-widget-container\">\n\t\t\t\t\t\t\t\t\t<p style=\"text-align: center;\"><em>Le personnel de la Fondation de LCO et les b\u00e9n\u00e9voles de Khalsa Aid distribuent du lait, des \u0153ufs, des fruits et des l\u00e9gumes frais dans une communaut\u00e9 de LCO dans le cadre d&rsquo;un d\u00e9p\u00f4t d&rsquo;aide Pr\u00eat pour demain (25 juillet 2024).<\/em><\/p>\n\t\t\t\t\t\t\t\t<\/div>\n\t\t\t\t<\/div>\n\t\t\t\t<div class=\"elementor-element elementor-element-57e6c02 elementor-widget elementor-widget-text-editor\" data-id=\"57e6c02\" data-element_type=\"widget\" data-e-type=\"widget\" data-widget_type=\"text-editor.default\">\n\t\t\t\t<div class=\"elementor-widget-container\">\n\t\t\t\t\t\t\t\t\t<p>\u00ab Notre objectif est d&rsquo;atteindre davantage de membres au sein de nos diverses communaut\u00e9s et de leur offrir le soutien dont ils ont besoin pour prosp\u00e9rer \u00bb, a d\u00e9clar\u00e9 Melissa Reeves. \u00ab Avec la force de notre conseil d&rsquo;administration et le d\u00e9vouement de notre personnel et de nos b\u00e9n\u00e9voles, je suis convaincue que nous continuerons \u00e0 nous d\u00e9velopper et \u00e0 avoir un impact significatif sur la vie de ceux que nous servons. \u00bb <\/p>\n<p>La Fondation LCO invite les membres de la communaut\u00e9, les partenaires et les sympathisants \u00e0 nous rejoindre dans notre mission. Ensemble, nous pouvons b\u00e2tir un avenir meilleur pour tous ceux qui vivent dans le Logement communautaire d&rsquo;Ottawa. <\/p>\n\t\t\t\t\t\t\t\t<\/div>\n\t\t\t\t<\/div>\n\t\t\t\t<div class=\"elementor-element elementor-element-9264c94 elementor-widget elementor-widget-heading\" data-id=\"9264c94\" data-element_type=\"widget\" data-e-type=\"widget\" data-widget_type=\"heading.default\">\n\t\t\t\t<div class=\"elementor-widget-container\">\n\t\t\t\t\t<h2 class=\"elementor-heading-title elementor-size-default\">\u00c0 propos de la Fondation du logement communautaire d'Ottawa<\/h2>\t\t\t\t<\/div>\n\t\t\t\t<\/div>\n\t\t\t\t<div class=\"elementor-element elementor-element-a8db2fb elementor-widget elementor-widget-text-editor\" data-id=\"a8db2fb\" data-element_type=\"widget\" data-e-type=\"widget\" data-widget_type=\"text-editor.default\">\n\t\t\t\t<div class=\"elementor-widget-container\">\n\t\t\t\t\t\t\t\t\t<p>La Fondation de LCO se consacre \u00e0 l&rsquo;am\u00e9lioration de la sant\u00e9 et du bien-\u00eatre social de plus de 33 000 locataires de Logement communautaire d&rsquo;Ottawa (LCO). Gr\u00e2ce \u00e0 des projets d&rsquo;\u00e9ducation, d&#8217;emploi et d&rsquo;engagement communautaire, la Fondation aide les locataires \u00e0 r\u00e9ussir sur le plan personnel et r\u00e9pond aux nouveaux besoins.  <\/p>\n\t\t\t\t\t\t\t\t<\/div>\n\t\t\t\t<\/div>\n\t\t\t\t<div class=\"elementor-element elementor-element-4d5c932 elementor-widget elementor-widget-heading\" data-id=\"4d5c932\" data-element_type=\"widget\" data-e-type=\"widget\" data-widget_type=\"heading.default\">\n\t\t\t\t<div class=\"elementor-widget-container\">\n\t\t\t\t\t<h2 class=\"elementor-heading-title elementor-size-default\">Pour plus d'informations ou pour organiser une interview, veuillez contacter <\/h2>\t\t\t\t<\/div>\n\t\t\t\t<\/div>\n\t\t\t\t<div class=\"elementor-element elementor-element-66af3bf elementor-widget elementor-widget-text-editor\" data-id=\"66af3bf\" data-element_type=\"widget\" data-e-type=\"widget\" data-widget_type=\"text-editor.default\">\n\t\t\t\t<div class=\"elementor-widget-container\">\n\t\t\t\t\t\t\t\t\t<p>Traci Spour-Lafrance (she\/her\/elle), Directrice principale, partenariats et l\u2019innovation, Fondation LCO<\/p>\n<p>Cellulaire : 343-997-6400<\/p>\n<p>Courriel : traci.spour-lafrance@ochfoundation.ca.<\/p>\n\t\t\t\t\t\t\t\t<\/div>\n\t\t\t\t<\/div>\n\t\t\t\t\t<\/div>\n\t\t\t\t<\/div>\n\t\t<div class=\"elementor-element elementor-element-39b4169 e-grid e-con-boxed e-con e-parent\" data-id=\"39b4169\" data-element_type=\"container\" data-e-type=\"container\">\n\t\t\t\t\t<div class=\"e-con-inner\">\n\t\t\t\t\t<\/div>\n\t\t\t\t<\/div>\n\t\t\t\t<\/div>\n\t\t","protected":false},"excerpt":{"rendered":"<p>Construire sur des bases solides : La Fondation LCO accueille Melissa Reeves en tant que nouvelle pr\u00e9sidente Melissa Reeves &#8211; Pr\u00e9sidente, Fondation du logement communautaire d&rsquo;Ottawa Ottawa, ON \u2013 Septembre 9, 2024 \u2013 La Fondation du logement communautaire d&rsquo;Ottawa (Fondation LCO) est fier d&rsquo;annoncer la nomination de Melissa Reeves, Directrice g\u00e9n\u00e9rale des op\u00e9rations \u00e0 Linebox [&hellip;]<\/p>\n","protected":false},"author":4,"featured_media":0,"comment_status":"closed","ping_status":"open","sticky":false,"template":"","format":"standard","meta":{"footnotes":""},"categories":[41],"tags":[],"class_list":["post-4807","post","type-post","status-publish","format-standard","hentry","category-actualites"],"_links":{"self":[{"href":"https:\/\/ochfoundation.ca\/fr\/wp-json\/wp\/v2\/posts\/4807","targetHints":{"allow":["GET"]}}],"collection":[{"href":"https:\/\/ochfoundation.ca\/fr\/wp-json\/wp\/v2\/posts"}],"about":[{"href":"https:\/\/ochfoundation.ca\/fr\/wp-json\/wp\/v2\/types\/post"}],"author":[{"embeddable":true,"href":"https:\/\/ochfoundation.ca\/fr\/wp-json\/wp\/v2\/users\/4"}],"replies":[{"embeddable":true,"href":"https:\/\/ochfoundation.ca\/fr\/wp-json\/wp\/v2\/comments?post=4807"}],"version-history":[{"count":1,"href":"https:\/\/ochfoundation.ca\/fr\/wp-json\/wp\/v2\/posts\/4807\/revisions"}],"predecessor-version":[{"id":4808,"href":"https:\/\/ochfoundation.ca\/fr\/wp-json\/wp\/v2\/posts\/4807\/revisions\/4808"}],"wp:attachment":[{"href":"https:\/\/ochfoundation.ca\/fr\/wp-json\/wp\/v2\/media?parent=4807"}],"wp:term":[{"taxonomy":"category","embeddable":true,"href":"https:\/\/ochfoundation.ca\/fr\/wp-json\/wp\/v2\/categories?post=4807"},{"taxonomy":"post_tag","embeddable":true,"href":"https:\/\/ochfoundation.ca\/fr\/wp-json\/wp\/v2\/tags?post=4807"}],"curies":[{"name":"wp","href":"https:\/\/api.w.org\/{rel}","templated":true}]}}