{"id":5299,"date":"2025-02-20T14:12:41","date_gmt":"2025-02-20T19:12:41","guid":{"rendered":"https:\/\/ochfoundation.ca\/non-classifiee\/la-soiree-de-lancement-du-programme-avenir-jeunesse-2025-inspire-une-nouvelle-generation-de-leaders\/"},"modified":"2025-09-25T11:06:47","modified_gmt":"2025-09-25T15:06:47","slug":"la-soiree-de-lancement-du-programme-avenir-jeunesse-2025-inspire-une-nouvelle-generation-de-leaders","status":"publish","type":"post","link":"https:\/\/ochfoundation.ca\/fr\/actualites\/la-soiree-de-lancement-du-programme-avenir-jeunesse-2025-inspire-une-nouvelle-generation-de-leaders\/","title":{"rendered":"La soir\u00e9e de lancement du programme Avenir Jeunesse 2025 inspire une nouvelle g\u00e9n\u00e9ration de leaders"},"content":{"rendered":"\t\t<div data-elementor-type=\"wp-post\" data-elementor-id=\"5299\" class=\"elementor elementor-5299 elementor-5281\" data-elementor-post-type=\"post\">\n\t\t\t\t<div class=\"elementor-element elementor-element-23a55b4 e-flex e-con-boxed e-con e-parent\" data-id=\"23a55b4\" data-element_type=\"container\" data-e-type=\"container\">\n\t\t\t\t\t<div class=\"e-con-inner\">\n\t\t\t\t<div class=\"elementor-element elementor-element-756c179 elementor-widget elementor-widget-heading\" data-id=\"756c179\" data-element_type=\"widget\" data-e-type=\"widget\" data-widget_type=\"heading.default\">\n\t\t\t\t<div class=\"elementor-widget-container\">\n\t\t\t\t\t<h2 class=\"elementor-heading-title elementor-size-default\"><p><b>La soir\u00e9e de lancement du programme Avenir Jeunesse 2025 inspire une nouvelle g\u00e9n\u00e9ration de leaders<\/b><span style=\"color: var( --e-global-color-primary );text-align: var(--text-align)\"><\/span><\/p><\/h2>\t\t\t\t<\/div>\n\t\t\t\t<\/div>\n\t\t\t\t<div class=\"elementor-element elementor-element-f2cfa38 elementor-widget elementor-widget-text-editor\" data-id=\"f2cfa38\" data-element_type=\"widget\" data-e-type=\"widget\" data-widget_type=\"text-editor.default\">\n\t\t\t\t<div class=\"elementor-widget-container\">\n\t\t\t\t\t\t\t\t\t<p>Ottawa, ON &#8211; 14 f\u00e9vrier 2025 &#8211; Le programme Avenir Jeunesse a officiellement accueilli sa cohorte 2025 lors d&rsquo;une soir\u00e9e de lancement inspirante le vendredi 14 f\u00e9vrier. L&rsquo;\u00e9v\u00e9nement, qui s&rsquo;est d\u00e9roul\u00e9 \u00e0 la Place Ben Franklin, a rassembl\u00e9 des participants, des anciens, des partenaires du programme et des leaders de la communaut\u00e9 pour c\u00e9l\u00e9brer le d\u00e9but d&rsquo;une nouvelle ann\u00e9e de leadership, de mentorat et de d\u00e9veloppement de carri\u00e8re pour les jeunes. <\/p><p>Avenir Jeunesse est un programme transformateur con\u00e7u pour autonomiser les jeunes d&rsquo;Ottawa en leur offrant une formation en leadership, une pr\u00e9paration aux \u00e9tudes postsecondaires et des possibilit\u00e9s d&#8217;emploi d&rsquo;\u00e9t\u00e9. Le programme est le fruit d&rsquo;une collaboration entre la Ville d&rsquo;Ottawa, BGC Ottawa et la Fondation LCO. Depuis sa cr\u00e9ation en 2008, le programme a aid\u00e9 plus de 1 400 jeunes \u00e0 se b\u00e2tir un avenir meilleur, en lib\u00e9rant leur potentiel et en leur ouvrant la voie de la r\u00e9ussite dans leurs \u00e9tudes et leurs carri\u00e8res.  <\/p>\t\t\t\t\t\t\t\t<\/div>\n\t\t\t\t<\/div>\n\t\t\t\t<div class=\"elementor-element elementor-element-53a4b11 elementor-widget elementor-widget-image\" data-id=\"53a4b11\" data-element_type=\"widget\" data-e-type=\"widget\" data-widget_type=\"image.default\">\n\t\t\t\t<div class=\"elementor-widget-container\">\n\t\t\t\t\t\t\t\t\t\t\t\t\t\t\t<img fetchpriority=\"high\" decoding=\"async\" width=\"768\" height=\"512\" src=\"https:\/\/ochfoundation.ca\/wp-content\/uploads\/2025\/02\/DSC03796-768x512.jpg\" class=\"attachment-medium_large size-medium_large wp-image-5286\" alt=\"\" srcset=\"https:\/\/ochfoundation.ca\/wp-content\/uploads\/2025\/02\/DSC03796-768x512.jpg 768w, https:\/\/ochfoundation.ca\/wp-content\/uploads\/2025\/02\/DSC03796-300x200.jpg 300w, https:\/\/ochfoundation.ca\/wp-content\/uploads\/2025\/02\/DSC03796-1024x683.jpg 1024w, https:\/\/ochfoundation.ca\/wp-content\/uploads\/2025\/02\/DSC03796-1536x1024.jpg 1536w, https:\/\/ochfoundation.ca\/wp-content\/uploads\/2025\/02\/DSC03796-2048x1365.jpg 2048w\" sizes=\"(max-width: 768px) 100vw, 768px\" \/>\t\t\t\t\t\t\t\t\t\t\t\t\t\t\t<\/div>\n\t\t\t\t<\/div>\n\t\t\t\t<div class=\"elementor-element elementor-element-379bf15 elementor-widget elementor-widget-text-editor\" data-id=\"379bf15\" data-element_type=\"widget\" data-e-type=\"widget\" data-widget_type=\"text-editor.default\">\n\t\t\t\t<div class=\"elementor-widget-container\">\n\t\t\t\t\t\t\t\t\t<p>La soir\u00e9e de lancement a \u00e9t\u00e9 remplie d&rsquo;\u00e9nergie et d&rsquo;enthousiasme alors que la cohorte de cette ann\u00e9e, compos\u00e9e de plus de 155 jeunes, a \u00e9t\u00e9 initi\u00e9e \u00e0 la mission du programme et \u00e0 l&rsquo;excitant voyage qui l&rsquo;attend. Des invit\u00e9s sp\u00e9ciaux, dont des membres du conseil d&rsquo;administration de la Fondation LCO et des partenaires communautaires, ont partag\u00e9 des mots d&rsquo;encouragement, soulignant l&rsquo;importance de la r\u00e9silience, de l&rsquo;\u00e9ducation et du soutien communautaire pour former les leaders de demain. <\/p><p>Le maire d&rsquo;Ottawa, Mark Sutcliff, s&rsquo;est adress\u00e9 aux \u00e9l\u00e8ves par le biais d&rsquo;un message vid\u00e9o, leur offrant son soutien et ses encouragements pour la suite de leur parcours. En outre, Ronny Musikitele a inspir\u00e9 les \u00e9l\u00e8ves par un discours \u00e9mouvant sur son propre parcours, depuis son enfance dans un logement communautaire d&rsquo;Ottawa jusqu&rsquo;\u00e0 une carri\u00e8re r\u00e9ussie dans la gestion sportive, soulignant le pouvoir de la pers\u00e9v\u00e9rance et du soutien de la communaut\u00e9. <\/p>\t\t\t\t\t\t\t\t<\/div>\n\t\t\t\t<\/div>\n\t\t\t\t<div class=\"elementor-element elementor-element-769fc5d elementor-widget elementor-widget-image\" data-id=\"769fc5d\" data-element_type=\"widget\" data-e-type=\"widget\" data-widget_type=\"image.default\">\n\t\t\t\t<div class=\"elementor-widget-container\">\n\t\t\t\t\t\t\t\t\t\t\t\t\t\t\t<img decoding=\"async\" width=\"768\" height=\"512\" src=\"https:\/\/ochfoundation.ca\/wp-content\/uploads\/2025\/02\/DSC03807-768x512.jpg\" class=\"attachment-medium_large size-medium_large wp-image-5288\" alt=\"\" srcset=\"https:\/\/ochfoundation.ca\/wp-content\/uploads\/2025\/02\/DSC03807-768x512.jpg 768w, https:\/\/ochfoundation.ca\/wp-content\/uploads\/2025\/02\/DSC03807-300x200.jpg 300w, https:\/\/ochfoundation.ca\/wp-content\/uploads\/2025\/02\/DSC03807-1024x683.jpg 1024w, https:\/\/ochfoundation.ca\/wp-content\/uploads\/2025\/02\/DSC03807-1536x1024.jpg 1536w, https:\/\/ochfoundation.ca\/wp-content\/uploads\/2025\/02\/DSC03807-2048x1365.jpg 2048w\" sizes=\"(max-width: 768px) 100vw, 768px\" \/>\t\t\t\t\t\t\t\t\t\t\t\t\t\t\t<\/div>\n\t\t\t\t<\/div>\n\t\t\t\t<div class=\"elementor-element elementor-element-65a4374 elementor-widget elementor-widget-text-editor\" data-id=\"65a4374\" data-element_type=\"widget\" data-e-type=\"widget\" data-widget_type=\"text-editor.default\">\n\t\t\t\t<div class=\"elementor-widget-container\">\n\t\t\t\t\t\t\t\t\t<p>\u00ab Avenir Jeunesse offre aux \u00e9tudiants des r\u00e9sultats essentiels qui vont au-del\u00e0 des possibilit\u00e9s d&#8217;emploi et de la formation \u00e0 de futurs r\u00f4les de leadership \u00bb, a d\u00e9clar\u00e9 Traci Spour-Lafrance, directrice g\u00e9n\u00e9rale par int\u00e9rim de la Fondation de LCO. \u00ab Ce programme offre aux jeunes des outils de renforcement de la confiance en soi qui leur permettent de prendre leur avenir en main. Nous croyons en nos jeunes et nous sommes l\u00e0 pour les aider \u00e0 faire tomber les barri\u00e8res, \u00e0 ouvrir des portes et \u00e0 leur rappeler que leurs r\u00eaves sont importants. Ce soir, nous c\u00e9l\u00e9brons le d\u00e9but d&rsquo;une v\u00e9ritable transformation \u00bb. <\/p><p>Les participants ont \u00e9galement eu la chance d&rsquo;entendre des anciens d&rsquo;Avenir Jeunesse, qui ont partag\u00e9 leurs exp\u00e9riences personnelles et l&rsquo;impact que le programme a eu sur leur parcours scolaire et professionnel. Leurs r\u00e9cits ont rappel\u00e9 avec force que l&rsquo;acc\u00e8s au mentorat, \u00e0 la formation et \u00e0 l&#8217;emploi peut cr\u00e9er un changement durable. <\/p>\t\t\t\t\t\t\t\t<\/div>\n\t\t\t\t<\/div>\n\t\t\t\t<div class=\"elementor-element elementor-element-37df396 elementor-widget elementor-widget-image\" data-id=\"37df396\" data-element_type=\"widget\" data-e-type=\"widget\" data-widget_type=\"image.default\">\n\t\t\t\t<div class=\"elementor-widget-container\">\n\t\t\t\t\t\t\t\t\t\t\t\t\t\t\t<img decoding=\"async\" width=\"768\" height=\"513\" src=\"https:\/\/ochfoundation.ca\/wp-content\/uploads\/2025\/02\/Youth-Future-3-768x513.jpg\" class=\"attachment-medium_large size-medium_large wp-image-5284\" alt=\"\" srcset=\"https:\/\/ochfoundation.ca\/wp-content\/uploads\/2025\/02\/Youth-Future-3-768x513.jpg 768w, https:\/\/ochfoundation.ca\/wp-content\/uploads\/2025\/02\/Youth-Future-3-300x200.jpg 300w, https:\/\/ochfoundation.ca\/wp-content\/uploads\/2025\/02\/Youth-Future-3-1024x683.jpg 1024w, https:\/\/ochfoundation.ca\/wp-content\/uploads\/2025\/02\/Youth-Future-3-1536x1025.jpg 1536w, https:\/\/ochfoundation.ca\/wp-content\/uploads\/2025\/02\/Youth-Future-3-2048x1367.jpg 2048w\" sizes=\"(max-width: 768px) 100vw, 768px\" \/>\t\t\t\t\t\t\t\t\t\t\t\t\t\t\t<\/div>\n\t\t\t\t<\/div>\n\t\t\t\t<div class=\"elementor-element elementor-element-2699303 elementor-widget elementor-widget-text-editor\" data-id=\"2699303\" data-element_type=\"widget\" data-e-type=\"widget\" data-widget_type=\"text-editor.default\">\n\t\t\t\t<div class=\"elementor-widget-container\">\n\t\t\t\t\t\t\t\t\t<p>Alors que la cohorte 2025 s&rsquo;engage dans cette voie, la Fondation LCO reste d\u00e9termin\u00e9e \u00e0 \u00e9largir les possibilit\u00e9s offertes aux jeunes vivant dans les communaut\u00e9s de la Soci\u00e9t\u00e9 de logement communautaire d&rsquo;Ottawa. Avec l&rsquo;appui de g\u00e9n\u00e9reux donateurs, de soci\u00e9t\u00e9s commanditaires et de partenaires communautaires, Avenir Jeunesse continue d&rsquo;\u00eatre une force motrice dans l&rsquo;\u00e9limination des obstacles. <\/p>\n<p>La Fondation LCO remercie chaleureusement ses bailleurs de fonds, notamment la Fondation RBC, la Fondation Rideau Hall, la Fondation Peter Gilgan et Rogers, dont le g\u00e9n\u00e9reux soutien rend possible le programme Avenir Jeunesse. Nous tenons \u00e9galement \u00e0 souligner le partenariat inestimable des \u00e9tablissements d&rsquo;enseignement postsecondaire d&rsquo;Ottawa, tels que l&rsquo;Universit\u00e9 Carleton, l&rsquo;Universit\u00e9 d&rsquo;Ottawa, le Coll\u00e8ge Algonquin, l&rsquo;Universit\u00e9 Saint-Paul et le Coll\u00e8ge La Cit\u00e9, pour leur engagement continu \u00e0 l&rsquo;\u00e9gard de l&rsquo;\u00e9ducation et de la r\u00e9ussite des \u00e9tudiants. Ensemble, nous avons un impact durable sur la vie des jeunes d&rsquo;Ottawa.  <\/p>\t\t\t\t\t\t\t\t<\/div>\n\t\t\t\t<\/div>\n\t\t\t\t\t<\/div>\n\t\t\t\t<\/div>\n\t\t<div class=\"elementor-element elementor-element-fa7c1f9 e-flex e-con-boxed e-con e-parent\" data-id=\"fa7c1f9\" data-element_type=\"container\" data-e-type=\"container\">\n\t\t\t\t\t<div class=\"e-con-inner\">\n\t\t\t\t<div class=\"elementor-element elementor-element-82dc7ce elementor-widget elementor-widget-heading\" data-id=\"82dc7ce\" data-element_type=\"widget\" data-e-type=\"widget\" data-widget_type=\"heading.default\">\n\t\t\t\t<div class=\"elementor-widget-container\">\n\t\t\t\t\t<h2 class=\"elementor-heading-title elementor-size-default\"><h2>\u00c0 propos de la Fondation du logement communautaire d'Ottawa<span style=\"color: var( --e-global-color-primary );text-align: var(--text-align)\"><\/span><\/h2><\/h2>\t\t\t\t<\/div>\n\t\t\t\t<\/div>\n\t\t\t\t\t<\/div>\n\t\t\t\t<\/div>\n\t\t<div class=\"elementor-element elementor-element-76f0441 e-flex e-con-boxed e-con e-parent\" data-id=\"76f0441\" data-element_type=\"container\" data-e-type=\"container\">\n\t\t\t\t\t<div class=\"e-con-inner\">\n\t\t\t\t<div class=\"elementor-element elementor-element-5ab0b15 elementor-widget elementor-widget-text-editor\" data-id=\"5ab0b15\" data-element_type=\"widget\" data-e-type=\"widget\" data-widget_type=\"text-editor.default\">\n\t\t\t\t<div class=\"elementor-widget-container\">\n\t\t\t\t\t\t\t\t\t<p>La Fondation de LCO se consacre \u00e0 l&rsquo;am\u00e9lioration de la sant\u00e9 et du bien-\u00eatre social de plus de 33 000 locataires de Logement communautaire d&rsquo;Ottawa (LCO). Gr\u00e2ce \u00e0 des projets d&rsquo;\u00e9ducation, d&#8217;emploi et d&rsquo;engagement communautaire, la Fondation aide les locataires \u00e0 r\u00e9ussir sur le plan personnel et r\u00e9pond aux nouveaux besoins. <\/p>\t\t\t\t\t\t\t\t<\/div>\n\t\t\t\t<\/div>\n\t\t\t\t\t<\/div>\n\t\t\t\t<\/div>\n\t\t<div class=\"elementor-element elementor-element-35e9c03 e-flex e-con-boxed e-con e-parent\" data-id=\"35e9c03\" data-element_type=\"container\" data-e-type=\"container\">\n\t\t\t\t\t<div class=\"e-con-inner\">\n\t\t\t\t<div class=\"elementor-element elementor-element-8f4d5dc elementor-widget elementor-widget-heading\" data-id=\"8f4d5dc\" data-element_type=\"widget\" data-e-type=\"widget\" data-widget_type=\"heading.default\">\n\t\t\t\t<div class=\"elementor-widget-container\">\n\t\t\t\t\t<h2 class=\"elementor-heading-title elementor-size-default\"><h2>Pour plus d'informations ou pour organiser une interview, veuillez contacter<span style=\"color: var( --e-global-color-primary );text-align: var(--text-align)\"><\/span><\/h2><\/h2>\t\t\t\t<\/div>\n\t\t\t\t<\/div>\n\t\t\t\t\t<\/div>\n\t\t\t\t<\/div>\n\t\t<div class=\"elementor-element elementor-element-5b2873c e-flex e-con-boxed e-con e-parent\" data-id=\"5b2873c\" data-element_type=\"container\" data-e-type=\"container\">\n\t\t\t\t\t<div class=\"e-con-inner\">\n\t\t\t\t<div class=\"elementor-element elementor-element-37f6ebc elementor-widget elementor-widget-text-editor\" data-id=\"37f6ebc\" data-element_type=\"widget\" data-e-type=\"widget\" data-widget_type=\"text-editor.default\">\n\t\t\t\t<div class=\"elementor-widget-container\">\n\t\t\t\t\t\t\t\t\t<p>Traci Spour-Lafrance (elle), Directeur ex\u00e9cutif par int\u00e9rim, Fondation LCO<\/p><p>Cellulaire : 343-997-6400<\/p><p>Courriel : traci.spour-lafrance@ochfoundation.ca.<\/p>\t\t\t\t\t\t\t\t<\/div>\n\t\t\t\t<\/div>\n\t\t\t\t\t<\/div>\n\t\t\t\t<\/div>\n\t\t\t\t<\/div>\n\t\t","protected":false},"excerpt":{"rendered":"<p>La soir\u00e9e de lancement du programme Avenir Jeunesse 2025 inspire une nouvelle g\u00e9n\u00e9ration de leaders Ottawa, ON &#8211; 14 f\u00e9vrier 2025 &#8211; Le programme Avenir Jeunesse a officiellement accueilli sa cohorte 2025 lors d&rsquo;une soir\u00e9e de lancement inspirante le vendredi 14 f\u00e9vrier. L&rsquo;\u00e9v\u00e9nement, qui s&rsquo;est d\u00e9roul\u00e9 \u00e0 la Place Ben Franklin, a rassembl\u00e9 des participants, [&hellip;]<\/p>\n","protected":false},"author":4,"featured_media":5284,"comment_status":"closed","ping_status":"closed","sticky":false,"template":"","format":"standard","meta":{"footnotes":""},"categories":[41],"tags":[],"class_list":["post-5299","post","type-post","status-publish","format-standard","has-post-thumbnail","hentry","category-actualites"],"_links":{"self":[{"href":"https:\/\/ochfoundation.ca\/fr\/wp-json\/wp\/v2\/posts\/5299","targetHints":{"allow":["GET"]}}],"collection":[{"href":"https:\/\/ochfoundation.ca\/fr\/wp-json\/wp\/v2\/posts"}],"about":[{"href":"https:\/\/ochfoundation.ca\/fr\/wp-json\/wp\/v2\/types\/post"}],"author":[{"embeddable":true,"href":"https:\/\/ochfoundation.ca\/fr\/wp-json\/wp\/v2\/users\/4"}],"replies":[{"embeddable":true,"href":"https:\/\/ochfoundation.ca\/fr\/wp-json\/wp\/v2\/comments?post=5299"}],"version-history":[{"count":3,"href":"https:\/\/ochfoundation.ca\/fr\/wp-json\/wp\/v2\/posts\/5299\/revisions"}],"predecessor-version":[{"id":6084,"href":"https:\/\/ochfoundation.ca\/fr\/wp-json\/wp\/v2\/posts\/5299\/revisions\/6084"}],"wp:featuredmedia":[{"embeddable":true,"href":"https:\/\/ochfoundation.ca\/fr\/wp-json\/wp\/v2\/media\/5284"}],"wp:attachment":[{"href":"https:\/\/ochfoundation.ca\/fr\/wp-json\/wp\/v2\/media?parent=5299"}],"wp:term":[{"taxonomy":"category","embeddable":true,"href":"https:\/\/ochfoundation.ca\/fr\/wp-json\/wp\/v2\/categories?post=5299"},{"taxonomy":"post_tag","embeddable":true,"href":"https:\/\/ochfoundation.ca\/fr\/wp-json\/wp\/v2\/tags?post=5299"}],"curies":[{"name":"wp","href":"https:\/\/api.w.org\/{rel}","templated":true}]}}