{"id":5724,"date":"2025-06-17T14:52:35","date_gmt":"2025-06-17T18:52:35","guid":{"rendered":"https:\/\/ochfoundation.ca\/?p=5724"},"modified":"2025-09-25T11:03:13","modified_gmt":"2025-09-25T15:03:13","slug":"dun-avenir-incertain-a-de-beaux-lendemains-histoires-de-diplomes-davenir-jeunesse","status":"publish","type":"post","link":"https:\/\/ochfoundation.ca\/fr\/actualites\/dun-avenir-incertain-a-de-beaux-lendemains-histoires-de-diplomes-davenir-jeunesse\/","title":{"rendered":"D\u2019un avenir incertain \u00e0 de beaux lendemains : histoires de dipl\u00f4m\u00e9s d\u2019Avenir jeunesse"},"content":{"rendered":"\t\t<div data-elementor-type=\"wp-post\" data-elementor-id=\"5724\" class=\"elementor elementor-5724 elementor-5682\" data-elementor-post-type=\"post\">\n\t\t\t\t<div class=\"elementor-element elementor-element-4ca1df2 e-flex e-con-boxed e-con e-parent\" data-id=\"4ca1df2\" data-element_type=\"container\" data-e-type=\"container\">\n\t\t\t\t\t<div class=\"e-con-inner\">\n\t\t\t\t<div class=\"elementor-element elementor-element-9beeb11 elementor-widget elementor-widget-heading\" data-id=\"9beeb11\" data-element_type=\"widget\" data-e-type=\"widget\" data-widget_type=\"heading.default\">\n\t\t\t\t<div class=\"elementor-widget-container\">\n\t\t\t\t\t<h2 class=\"elementor-heading-title elementor-size-default\">D\u2019un avenir incertain \u00e0 de beaux lendemains : histoires de dipl\u00f4m\u00e9s d\u2019Avenir jeunesse<\/h2>\t\t\t\t<\/div>\n\t\t\t\t<\/div>\n\t\t\t\t\t<\/div>\n\t\t\t\t<\/div>\n\t\t<div class=\"elementor-element elementor-element-9d3e165 e-flex e-con-boxed e-con e-parent\" data-id=\"9d3e165\" data-element_type=\"container\" data-e-type=\"container\">\n\t\t\t\t\t<div class=\"e-con-inner\">\n\t\t\t\t<div class=\"elementor-element elementor-element-6268ebb elementor-widget elementor-widget-text-editor\" data-id=\"6268ebb\" data-element_type=\"widget\" data-e-type=\"widget\" data-widget_type=\"text-editor.default\">\n\t\t\t\t<div class=\"elementor-widget-container\">\n\t\t\t\t\t\t\t\t\t<p>\u00ab J\u2019ai grandi et gagn\u00e9 en sagesse. Je travaille, j\u2019\u00e9tudie et j\u2019aime la vie \u00bb, d\u00e9clare un ancien dipl\u00f4m\u00e9 d\u2019Avenir jeunesse, refl\u00e9tant l\u2019impact du programme sur sa vie. <br>Avenir jeunesse est un parcours de six mois qui soutient les jeunes, les guidant d\u2019un lieu d\u2019incertitude et de solitude \u00e0 un lieu de d\u00e9couverte de soi, de comp\u00e9tence professionnelle et de confiance pour entrer dans l\u2019enseignement sup\u00e9rieur et sur le march\u00e9 du travail. Et de mani\u00e8re tout aussi importante, il favorise un fort sentiment de communaut\u00e9 et des amiti\u00e9s durables qui perdurent bien apr\u00e8s la fin du programme.  <\/p><p><span style=\"letter-spacing: -0.2px;\">Le programme bilingue est offert aux jeunes issus de familles \u00e0 faible revenu qui entrent au coll\u00e8ge et \u00e0 l\u2019universit\u00e9. Il propose une formation en leadership, du mentorat, une formation en comp\u00e9tences professionnelles et un stage de six semaines pour aider les jeunes \u00e0 acqu\u00e9rir les outils et l\u2019exp\u00e9rience dont ils ont besoin pour r\u00e9ussir.  <\/span><\/p>\t\t\t\t\t\t\t\t<\/div>\n\t\t\t\t<\/div>\n\t\t\t\t\t<\/div>\n\t\t\t\t<\/div>\n\t\t<div class=\"elementor-element elementor-element-1b0c47c e-flex e-con-boxed e-con e-parent\" data-id=\"1b0c47c\" data-element_type=\"container\" data-e-type=\"container\">\n\t\t\t\t\t<div class=\"e-con-inner\">\n\t\t\t\t<div class=\"elementor-element elementor-element-2718185 elementor-arrows-position-inside elementor-pagination-position-outside elementor-widget elementor-widget-image-carousel\" data-id=\"2718185\" data-element_type=\"widget\" data-e-type=\"widget\" data-settings=\"{&quot;slides_to_show&quot;:&quot;1&quot;,&quot;navigation&quot;:&quot;both&quot;,&quot;autoplay&quot;:&quot;yes&quot;,&quot;pause_on_hover&quot;:&quot;yes&quot;,&quot;pause_on_interaction&quot;:&quot;yes&quot;,&quot;autoplay_speed&quot;:5000,&quot;infinite&quot;:&quot;yes&quot;,&quot;effect&quot;:&quot;slide&quot;,&quot;speed&quot;:500}\" data-widget_type=\"image-carousel.default\">\n\t\t\t\t<div class=\"elementor-widget-container\">\n\t\t\t\t\t\t\t<div class=\"elementor-image-carousel-wrapper swiper\" role=\"region\" aria-roledescription=\"carousel\" aria-label=\"Image Carousel\" dir=\"ltr\">\n\t\t\t<div class=\"elementor-image-carousel swiper-wrapper\" aria-live=\"off\">\n\t\t\t\t\t\t\t\t<div class=\"swiper-slide\" role=\"group\" aria-roledescription=\"slide\" aria-label=\"1 sur 6\"><figure class=\"swiper-slide-inner\"><img decoding=\"async\" class=\"swiper-slide-image\" src=\"https:\/\/ochfoundation.ca\/wp-content\/uploads\/2025\/06\/DSC04348-768x512.jpg\" alt=\"DSC04348\" \/><\/figure><\/div><div class=\"swiper-slide\" role=\"group\" aria-roledescription=\"slide\" aria-label=\"2 sur 6\"><figure class=\"swiper-slide-inner\"><img decoding=\"async\" class=\"swiper-slide-image\" src=\"https:\/\/ochfoundation.ca\/wp-content\/uploads\/2025\/06\/DSC04346-768x512.jpg\" alt=\"DSC04346\" \/><\/figure><\/div><div class=\"swiper-slide\" role=\"group\" aria-roledescription=\"slide\" aria-label=\"3 sur 6\"><figure class=\"swiper-slide-inner\"><img decoding=\"async\" class=\"swiper-slide-image\" src=\"https:\/\/ochfoundation.ca\/wp-content\/uploads\/2025\/06\/DSC04358-768x512.jpg\" alt=\"DSC04358\" \/><\/figure><\/div><div class=\"swiper-slide\" role=\"group\" aria-roledescription=\"slide\" aria-label=\"4 sur 6\"><figure class=\"swiper-slide-inner\"><img decoding=\"async\" class=\"swiper-slide-image\" src=\"https:\/\/ochfoundation.ca\/wp-content\/uploads\/2025\/06\/DSC04361-768x512.jpg\" alt=\"DSC04361\" \/><\/figure><\/div><div class=\"swiper-slide\" role=\"group\" aria-roledescription=\"slide\" aria-label=\"5 sur 6\"><figure class=\"swiper-slide-inner\"><img decoding=\"async\" class=\"swiper-slide-image\" src=\"https:\/\/ochfoundation.ca\/wp-content\/uploads\/2025\/06\/DSC04368-768x512.jpg\" alt=\"DSC04368\" \/><\/figure><\/div><div class=\"swiper-slide\" role=\"group\" aria-roledescription=\"slide\" aria-label=\"6 sur 6\"><figure class=\"swiper-slide-inner\"><img decoding=\"async\" class=\"swiper-slide-image\" src=\"https:\/\/ochfoundation.ca\/wp-content\/uploads\/2025\/06\/DSC04372-768x512.jpg\" alt=\"DSC04372\" \/><\/figure><\/div>\t\t\t<\/div>\n\t\t\t\t\t\t\t\t\t\t\t\t<div class=\"elementor-swiper-button elementor-swiper-button-prev\" role=\"button\" tabindex=\"0\">\n\t\t\t\t\t\t<i aria-hidden=\"true\" class=\"eicon-chevron-left\"><\/i>\t\t\t\t\t<\/div>\n\t\t\t\t\t<div class=\"elementor-swiper-button elementor-swiper-button-next\" role=\"button\" tabindex=\"0\">\n\t\t\t\t\t\t<i aria-hidden=\"true\" class=\"eicon-chevron-right\"><\/i>\t\t\t\t\t<\/div>\n\t\t\t\t\n\t\t\t\t\t\t\t\t\t<div class=\"swiper-pagination\"><\/div>\n\t\t\t\t\t\t\t\t\t<\/div>\n\t\t\t\t\t\t<\/div>\n\t\t\t\t<\/div>\n\t\t\t\t\t<\/div>\n\t\t\t\t<\/div>\n\t\t<div class=\"elementor-element elementor-element-6ce62c7 e-flex e-con-boxed e-con e-parent\" data-id=\"6ce62c7\" data-element_type=\"container\" data-e-type=\"container\">\n\t\t\t\t\t<div class=\"e-con-inner\">\n\t\t\t\t<div class=\"elementor-element elementor-element-514b302 elementor-widget elementor-widget-text-editor\" data-id=\"514b302\" data-element_type=\"widget\" data-e-type=\"widget\" data-widget_type=\"text-editor.default\">\n\t\t\t\t<div class=\"elementor-widget-container\">\n\t\t\t\t\t\t\t\t\t<p>Il y a 17 ans, le programme est parti d\u2019une id\u00e9e simple : chaque jeune m\u00e9rite d\u2019avoir de grands r\u00eaves. En 2008, seuls cinq \u00e9tudiants faisaient partie de la premi\u00e8re cohorte. Aujourd\u2019hui, Avenir jeunesse est une communaut\u00e9 dynamique de plus de 150 jeunes chaque ann\u00e9e, comptant plus de <strong>1 400 participants<\/strong> \u00e0 ce jour, ce qui t\u00e9moigne du succ\u00e8s et de l\u2019impact du programme.  <\/p><p>Le 11 juin, la Fondation LCO a organis\u00e9 un rassemblement sp\u00e9cial pour accueillir plus de 40 dipl\u00f4m\u00e9s. Cet \u00e9v\u00e9nement \u00e9tait plus qu\u2019une simple r\u00e9union; c\u2019\u00e9tait l\u2019occasion pour les dipl\u00f4m\u00e9s de se retrouver, de r\u00e9seauter et de raviver les liens entre eux, avec l\u2019\u00e9quipe de la Fondation LCO et avec les partenaires qui contribuent au succ\u00e8s du programme chaque ann\u00e9e.  <\/p><p>\u00ab Nous croyons au pouvoir de la collaboration et nous sommes fiers de cr\u00e9er des espaces o\u00f9 les anciens participants peuvent faire part de leurs exp\u00e9riences, \u00e9changer des occasions et continuer \u00e0 se renforcer mutuellement \u00bb, explique Traci Spour-Lafrance, directrice g\u00e9n\u00e9rale par int\u00e9rim de la Fondation LCO, exprimant sa gratitude envers la communaut\u00e9 et les partenaires pour leur soutien continu.<\/p><p>De nombreux dipl\u00f4m\u00e9s ont racont\u00e9 qu\u2019avant le programme, ils ne se sentaient pas pr\u00e9par\u00e9s pour le coll\u00e8ge ou l\u2019universit\u00e9 et ne savaient pas \u00e0 quoi ressemblerait leur avenir. Maintenant, ils sont sur un chemin de carri\u00e8re r\u00e9ussi \u2013 avec un r\u00e9seau d\u2019amis de longue date, constitu\u00e9 gr\u00e2ce \u00e0 l\u2019exp\u00e9rience. <\/p><p>Lorsque nous regardons les dipl\u00f4m\u00e9s qui travaillent, \u00e9tudient, dirigent et soutiennent, nous nous souvenons que l\u2019espoir, les possibilit\u00e9s et les liens peuvent tout changer. Aux 1 400 prochaines histoires d\u2019Avenir jeunesse! <\/p>\t\t\t\t\t\t\t\t<\/div>\n\t\t\t\t<\/div>\n\t\t\t\t\t<\/div>\n\t\t\t\t<\/div>\n\t\t\t\t<\/div>\n\t\t","protected":false},"excerpt":{"rendered":"<p>D\u2019un avenir incertain \u00e0 de beaux lendemains : histoires de dipl\u00f4m\u00e9s d\u2019Avenir jeunesse \u00ab J\u2019ai grandi et gagn\u00e9 en sagesse. Je travaille, j\u2019\u00e9tudie et j\u2019aime la vie \u00bb, d\u00e9clare un ancien dipl\u00f4m\u00e9 d\u2019Avenir jeunesse, refl\u00e9tant l\u2019impact du programme sur sa vie. Avenir jeunesse est un parcours de six mois qui soutient les jeunes, les guidant [&hellip;]<\/p>\n","protected":false},"author":4,"featured_media":5691,"comment_status":"closed","ping_status":"closed","sticky":false,"template":"","format":"standard","meta":{"footnotes":""},"categories":[41],"tags":[],"class_list":["post-5724","post","type-post","status-publish","format-standard","has-post-thumbnail","hentry","category-actualites"],"_links":{"self":[{"href":"https:\/\/ochfoundation.ca\/fr\/wp-json\/wp\/v2\/posts\/5724","targetHints":{"allow":["GET"]}}],"collection":[{"href":"https:\/\/ochfoundation.ca\/fr\/wp-json\/wp\/v2\/posts"}],"about":[{"href":"https:\/\/ochfoundation.ca\/fr\/wp-json\/wp\/v2\/types\/post"}],"author":[{"embeddable":true,"href":"https:\/\/ochfoundation.ca\/fr\/wp-json\/wp\/v2\/users\/4"}],"replies":[{"embeddable":true,"href":"https:\/\/ochfoundation.ca\/fr\/wp-json\/wp\/v2\/comments?post=5724"}],"version-history":[{"count":2,"href":"https:\/\/ochfoundation.ca\/fr\/wp-json\/wp\/v2\/posts\/5724\/revisions"}],"predecessor-version":[{"id":5726,"href":"https:\/\/ochfoundation.ca\/fr\/wp-json\/wp\/v2\/posts\/5724\/revisions\/5726"}],"wp:featuredmedia":[{"embeddable":true,"href":"https:\/\/ochfoundation.ca\/fr\/wp-json\/wp\/v2\/media\/5691"}],"wp:attachment":[{"href":"https:\/\/ochfoundation.ca\/fr\/wp-json\/wp\/v2\/media?parent=5724"}],"wp:term":[{"taxonomy":"category","embeddable":true,"href":"https:\/\/ochfoundation.ca\/fr\/wp-json\/wp\/v2\/categories?post=5724"},{"taxonomy":"post_tag","embeddable":true,"href":"https:\/\/ochfoundation.ca\/fr\/wp-json\/wp\/v2\/tags?post=5724"}],"curies":[{"name":"wp","href":"https:\/\/api.w.org\/{rel}","templated":true}]}}