{"id":5854,"date":"2025-08-20T14:08:55","date_gmt":"2025-08-20T18:08:55","guid":{"rendered":"https:\/\/ochfoundation.ca\/non-classifiee\/investir-dans-le-potentiel-35-bourses-apprendre-minspire-decernees-a-des-etudiants-vivant-dans-des-logements-communautaires-dottawa\/"},"modified":"2025-09-25T13:48:29","modified_gmt":"2025-09-25T17:48:29","slug":"investir-dans-le-potentiel-35-bourses-apprendre-minspire-decernees-a-des-etudiants-vivant-dans-des-logements-communautaires-dottawa","status":"publish","type":"post","link":"https:\/\/ochfoundation.ca\/fr\/actualites\/investir-dans-le-potentiel-35-bourses-apprendre-minspire-decernees-a-des-etudiants-vivant-dans-des-logements-communautaires-dottawa\/","title":{"rendered":"Investir dans le potentiel : 35 bourses Apprendre M\u2019inspire d\u00e9cern\u00e9es \u00e0 des \u00e9tudiants vivant dans des logements communautaires d\u2019Ottawa"},"content":{"rendered":"\t\t<div data-elementor-type=\"wp-post\" data-elementor-id=\"5854\" class=\"elementor elementor-5854 elementor-5841\" data-elementor-post-type=\"post\">\n\t\t\t\t<div class=\"elementor-element elementor-element-68fa6e0 e-flex e-con-boxed e-con e-parent\" data-id=\"68fa6e0\" data-element_type=\"container\" data-e-type=\"container\">\n\t\t\t\t\t<div class=\"e-con-inner\">\n\t\t\t\t<div class=\"elementor-element elementor-element-5c69030 elementor-widget elementor-widget-heading\" data-id=\"5c69030\" data-element_type=\"widget\" data-e-type=\"widget\" data-widget_type=\"heading.default\">\n\t\t\t\t<div class=\"elementor-widget-container\">\n\t\t\t\t\t<h2 class=\"elementor-heading-title elementor-size-default\">Investir dans le potentiel : 35 bourses Apprendre M\u2019inspire d\u00e9cern\u00e9es \u00e0 des \u00e9tudiants vivant dans des logements communautaires d\u2019Ottawa<\/h2>\t\t\t\t<\/div>\n\t\t\t\t<\/div>\n\t\t\t\t\t<\/div>\n\t\t\t\t<\/div>\n\t\t<div class=\"elementor-element elementor-element-d7714fc e-flex e-con-boxed e-con e-parent\" data-id=\"d7714fc\" data-element_type=\"container\" data-e-type=\"container\">\n\t\t\t\t\t<div class=\"e-con-inner\">\n\t\t\t\t<div class=\"elementor-element elementor-element-272a668 elementor-widget elementor-widget-image\" data-id=\"272a668\" data-element_type=\"widget\" data-e-type=\"widget\" data-widget_type=\"image.default\">\n\t\t\t\t<div class=\"elementor-widget-container\">\n\t\t\t\t\t\t\t\t\t\t\t\t\t\t\t<img fetchpriority=\"high\" decoding=\"async\" width=\"768\" height=\"512\" src=\"https:\/\/ochfoundation.ca\/wp-content\/uploads\/2025\/08\/DSC06575-768x512.jpg\" class=\"attachment-medium_large size-medium_large wp-image-5844\" alt=\"\" srcset=\"https:\/\/ochfoundation.ca\/wp-content\/uploads\/2025\/08\/DSC06575-768x512.jpg 768w, https:\/\/ochfoundation.ca\/wp-content\/uploads\/2025\/08\/DSC06575-300x200.jpg 300w, https:\/\/ochfoundation.ca\/wp-content\/uploads\/2025\/08\/DSC06575-1024x683.jpg 1024w, https:\/\/ochfoundation.ca\/wp-content\/uploads\/2025\/08\/DSC06575-1536x1024.jpg 1536w, https:\/\/ochfoundation.ca\/wp-content\/uploads\/2025\/08\/DSC06575-2048x1365.jpg 2048w\" sizes=\"(max-width: 768px) 100vw, 768px\" \/>\t\t\t\t\t\t\t\t\t\t\t\t\t\t\t<\/div>\n\t\t\t\t<\/div>\n\t\t\t\t<div class=\"elementor-element elementor-element-582a13a elementor-widget elementor-widget-text-editor\" data-id=\"582a13a\" data-element_type=\"widget\" data-e-type=\"widget\" data-widget_type=\"text-editor.default\">\n\t\t\t\t<div class=\"elementor-widget-container\">\n\t\t\t\t\t\t\t\t\t<p><i>Ottawa, Ontario \u2013 18 ao\u00fbt 2025 <\/i>: La Fondation LCO est fi\u00e8re d\u2019avoir d\u00e9cern\u00e9 cette semaine 35 bourses Apprendre M\u2019inspire, c\u00e9l\u00e9brant ainsi la d\u00e9termination et les r\u00e9alisations d\u2019\u00e9tudiants vivant dans des la Soci\u00e9t\u00e9 de logement communautaire d\u2019Ottawa<\/p><p>Le programme Bourse Apprendre M\u2019inspire offre des bourses d\u2019une valeur de 1 000 $ pour soutenir les \u00e9tudes postsecondaires, la formation professionnelle et les programmes de certification. Ces fonds aident les \u00e9tudiants \u00e0 g\u00e9rer leurs d\u00e9penses essentielles, telles que les frais de scolarit\u00e9, les manuels scolaires et les frais de subsistance, \u00e9liminant ainsi les obstacles qui les emp\u00eachent de se concentrer sur la r\u00e9alisation de leurs objectifs scolaires et professionnels.   <span style=\"letter-spacing: -0.2px;\">Cette ann\u00e9e, une bourse a \u00e9t\u00e9 r\u00e9serv\u00e9e \u00e0 un participant du programme Avenir Jeunesse, r\u00e9affirmant l&rsquo;engagement continu de la Fondation \u00e0 autonomiser les jeunes leaders gr\u00e2ce \u00e0 ce programme essentiel.<\/span><\/p>\t\t\t\t\t\t\t\t<\/div>\n\t\t\t\t<\/div>\n\t\t\t\t<div class=\"elementor-element elementor-element-23bf583 elementor-widget elementor-widget-image\" data-id=\"23bf583\" data-element_type=\"widget\" data-e-type=\"widget\" data-widget_type=\"image.default\">\n\t\t\t\t<div class=\"elementor-widget-container\">\n\t\t\t\t\t\t\t\t\t\t\t\t\t\t\t<img decoding=\"async\" width=\"768\" height=\"512\" src=\"https:\/\/ochfoundation.ca\/wp-content\/uploads\/2025\/08\/DSC06551-768x512.jpg\" class=\"attachment-medium_large size-medium_large wp-image-5846\" alt=\"\" srcset=\"https:\/\/ochfoundation.ca\/wp-content\/uploads\/2025\/08\/DSC06551-768x512.jpg 768w, https:\/\/ochfoundation.ca\/wp-content\/uploads\/2025\/08\/DSC06551-300x200.jpg 300w, https:\/\/ochfoundation.ca\/wp-content\/uploads\/2025\/08\/DSC06551-1024x683.jpg 1024w, https:\/\/ochfoundation.ca\/wp-content\/uploads\/2025\/08\/DSC06551-1536x1024.jpg 1536w, https:\/\/ochfoundation.ca\/wp-content\/uploads\/2025\/08\/DSC06551-2048x1365.jpg 2048w\" sizes=\"(max-width: 768px) 100vw, 768px\" \/>\t\t\t\t\t\t\t\t\t\t\t\t\t\t\t<\/div>\n\t\t\t\t<\/div>\n\t\t\t\t<div class=\"elementor-element elementor-element-cc7f035 elementor-widget elementor-widget-text-editor\" data-id=\"cc7f035\" data-element_type=\"widget\" data-e-type=\"widget\" data-widget_type=\"text-editor.default\">\n\t\t\t\t<div class=\"elementor-widget-container\">\n\t\t\t\t\t\t\t\t\t<p>\u00ab L&rsquo;\u00e9ducation est l&rsquo;un des outils les plus puissants que nous pouvons offrir \u00e0 nos jeunes \u00bb, a d\u00e9clar\u00e9 Traci Spour-Lafrance, directrice g\u00e9n\u00e9rale de la Fondation LCO. \u00ab Chaque demande de bourse que nous recevons est plus qu&rsquo;une simple demande, c&rsquo;est une histoire de courage, de r\u00e9silience et de qu\u00eate d&rsquo;un objectif plus grand. Nous sommes tr\u00e8s fiers de ces 35 b\u00e9n\u00e9ficiaires qui transforment leur ambition en action. \u00bb <\/p><p>La bourse soutient un groupe diversifi\u00e9 d&rsquo;\u00e9tudiants, allant des r\u00e9cents dipl\u00f4m\u00e9s du secondaire aux \u00e9tudiants adultes qui reprennent leurs \u00e9tudes, chacun devant relever des d\u00e9fis qui lui sont propres dans la poursuite de ses \u00e9tudes sup\u00e9rieures. Pour certains, cela signifie couvrir les frais de scolarit\u00e9 ou l&rsquo;achat de manuels scolaires essentiels, tandis que pour d&rsquo;autres, cela aide \u00e0 couvrir les d\u00e9penses quotidiennes. L&rsquo;un des b\u00e9n\u00e9ficiaires a d\u00e9clar\u00e9 que la bourse \u00e9tait arriv\u00e9e \u00e0 point nomm\u00e9, lui permettant de couvrir son premier et son dernier mois de loyer alors qu&rsquo;il se pr\u00e9pare \u00e0 d\u00e9m\u00e9nager \u00e0 Toronto pour ses \u00e9tudes. Des t\u00e9moignages comme celui-ci soulignent l&rsquo;impact que peut avoir la Bourse Apprendre M&rsquo;inspire pour aider les \u00e9tudiants \u00e0 surmonter les obstacles financiers.   <\/p>\t\t\t\t\t\t\t\t<\/div>\n\t\t\t\t<\/div>\n\t\t\t\t<div class=\"elementor-element elementor-element-5f17c8e elementor-widget elementor-widget-image\" data-id=\"5f17c8e\" data-element_type=\"widget\" data-e-type=\"widget\" data-widget_type=\"image.default\">\n\t\t\t\t<div class=\"elementor-widget-container\">\n\t\t\t\t\t\t\t\t\t\t\t\t\t\t\t<img decoding=\"async\" width=\"768\" height=\"512\" src=\"https:\/\/ochfoundation.ca\/wp-content\/uploads\/2025\/08\/DSC06542-768x512.jpg\" class=\"attachment-medium_large size-medium_large wp-image-5848\" alt=\"\" srcset=\"https:\/\/ochfoundation.ca\/wp-content\/uploads\/2025\/08\/DSC06542-768x512.jpg 768w, https:\/\/ochfoundation.ca\/wp-content\/uploads\/2025\/08\/DSC06542-300x200.jpg 300w, https:\/\/ochfoundation.ca\/wp-content\/uploads\/2025\/08\/DSC06542-1024x683.jpg 1024w, https:\/\/ochfoundation.ca\/wp-content\/uploads\/2025\/08\/DSC06542-1536x1024.jpg 1536w, https:\/\/ochfoundation.ca\/wp-content\/uploads\/2025\/08\/DSC06542-2048x1365.jpg 2048w\" sizes=\"(max-width: 768px) 100vw, 768px\" \/>\t\t\t\t\t\t\t\t\t\t\t\t\t\t\t<\/div>\n\t\t\t\t<\/div>\n\t\t\t\t<div class=\"elementor-element elementor-element-7cc4bf6 elementor-widget elementor-widget-text-editor\" data-id=\"7cc4bf6\" data-element_type=\"widget\" data-e-type=\"widget\" data-widget_type=\"text-editor.default\">\n\t\t\t\t<div class=\"elementor-widget-container\">\n\t\t\t\t\t\t\t\t\t<p>Le programme Bourse Apprendre M&rsquo;inspire est rendu possible gr\u00e2ce au soutien g\u00e9n\u00e9reux et continu de Desjardins, dont le partenariat a jou\u00e9 un r\u00f4le d\u00e9terminant dans le maintien et le d\u00e9veloppement de cette initiative ann\u00e9e apr\u00e8s ann\u00e9e. Son engagement contribue \u00e0 garantir que les \u00e9tudiants de LCO aient acc\u00e8s \u00e0 des opportunit\u00e9s qui peuvent fa\u00e7onner leur avenir de mani\u00e8re significative. <\/p><p>\u00ab Nous sommes tr\u00e8s reconnaissants \u00e0 Desjardins, notre partenaire de longue date, non seulement de nous accueillir ce soir, mais aussi de nous accompagner ann\u00e9e apr\u00e8s ann\u00e9e \u00bb, a ajout\u00e9 Traci. \u00ab Cela nous permet non seulement de maintenir le programme de bourses, mais aussi de l&rsquo;\u00e9tendre, afin d&rsquo;atteindre chaque ann\u00e9e davantage d&rsquo;\u00e9tudiants et de rendre l&rsquo;\u00e9ducation plus accessible \u00e0 ceux qui en ont le plus besoin. \u00bb <\/p><p>La Fondation LCO adresse ses sinc\u00e8res f\u00e9licitations aux 35 laur\u00e9ats. Leur pers\u00e9v\u00e9rance, leur engagement communautaire et leur d\u00e9vouement \u00e0 l&rsquo;apprentissage incarnent l&rsquo;esprit de ce programme, et nous sommes impatients de voir l&rsquo;impact qu&rsquo;ils auront dans les ann\u00e9es \u00e0 venir. L&rsquo;\u00e9quipe de la Fondation LCO leur souhaite bonne chance dans la poursuite de leurs r\u00eaves.  <\/p>\t\t\t\t\t\t\t\t<\/div>\n\t\t\t\t<\/div>\n\t\t\t\t<div class=\"elementor-element elementor-element-e38689e elementor-widget elementor-widget-image\" data-id=\"e38689e\" data-element_type=\"widget\" data-e-type=\"widget\" data-widget_type=\"image.default\">\n\t\t\t\t<div class=\"elementor-widget-container\">\n\t\t\t\t\t\t\t\t\t\t\t\t\t\t\t<img loading=\"lazy\" decoding=\"async\" width=\"768\" height=\"512\" src=\"https:\/\/ochfoundation.ca\/wp-content\/uploads\/2025\/08\/DSC06499-768x512.jpg\" class=\"attachment-medium_large size-medium_large wp-image-5850\" alt=\"\" srcset=\"https:\/\/ochfoundation.ca\/wp-content\/uploads\/2025\/08\/DSC06499-768x512.jpg 768w, https:\/\/ochfoundation.ca\/wp-content\/uploads\/2025\/08\/DSC06499-300x200.jpg 300w, https:\/\/ochfoundation.ca\/wp-content\/uploads\/2025\/08\/DSC06499-1024x683.jpg 1024w, https:\/\/ochfoundation.ca\/wp-content\/uploads\/2025\/08\/DSC06499-1536x1024.jpg 1536w, https:\/\/ochfoundation.ca\/wp-content\/uploads\/2025\/08\/DSC06499-2048x1365.jpg 2048w\" sizes=\"(max-width: 768px) 100vw, 768px\" \/>\t\t\t\t\t\t\t\t\t\t\t\t\t\t\t<\/div>\n\t\t\t\t<\/div>\n\t\t\t\t\t<\/div>\n\t\t\t\t<\/div>\n\t\t<div class=\"elementor-element elementor-element-3f48cd6 e-flex e-con-boxed e-con e-parent\" data-id=\"3f48cd6\" data-element_type=\"container\" data-e-type=\"container\">\n\t\t\t\t\t<div class=\"e-con-inner\">\n\t\t\t\t\t<\/div>\n\t\t\t\t<\/div>\n\t\t\t\t<\/div>\n\t\t","protected":false},"excerpt":{"rendered":"<p>Investir dans le potentiel : 35 bourses Apprendre M\u2019inspire d\u00e9cern\u00e9es \u00e0 des \u00e9tudiants vivant dans des logements communautaires d\u2019Ottawa Ottawa, Ontario \u2013 18 ao\u00fbt 2025 : La Fondation LCO est fi\u00e8re d\u2019avoir d\u00e9cern\u00e9 cette semaine 35 bourses Apprendre M\u2019inspire, c\u00e9l\u00e9brant ainsi la d\u00e9termination et les r\u00e9alisations d\u2019\u00e9tudiants vivant dans des la Soci\u00e9t\u00e9 de logement communautaire [&hellip;]<\/p>\n","protected":false},"author":4,"featured_media":5846,"comment_status":"closed","ping_status":"open","sticky":false,"template":"","format":"standard","meta":{"footnotes":""},"categories":[41],"tags":[],"class_list":["post-5854","post","type-post","status-publish","format-standard","has-post-thumbnail","hentry","category-actualites"],"_links":{"self":[{"href":"https:\/\/ochfoundation.ca\/fr\/wp-json\/wp\/v2\/posts\/5854","targetHints":{"allow":["GET"]}}],"collection":[{"href":"https:\/\/ochfoundation.ca\/fr\/wp-json\/wp\/v2\/posts"}],"about":[{"href":"https:\/\/ochfoundation.ca\/fr\/wp-json\/wp\/v2\/types\/post"}],"author":[{"embeddable":true,"href":"https:\/\/ochfoundation.ca\/fr\/wp-json\/wp\/v2\/users\/4"}],"replies":[{"embeddable":true,"href":"https:\/\/ochfoundation.ca\/fr\/wp-json\/wp\/v2\/comments?post=5854"}],"version-history":[{"count":2,"href":"https:\/\/ochfoundation.ca\/fr\/wp-json\/wp\/v2\/posts\/5854\/revisions"}],"predecessor-version":[{"id":6123,"href":"https:\/\/ochfoundation.ca\/fr\/wp-json\/wp\/v2\/posts\/5854\/revisions\/6123"}],"wp:featuredmedia":[{"embeddable":true,"href":"https:\/\/ochfoundation.ca\/fr\/wp-json\/wp\/v2\/media\/5846"}],"wp:attachment":[{"href":"https:\/\/ochfoundation.ca\/fr\/wp-json\/wp\/v2\/media?parent=5854"}],"wp:term":[{"taxonomy":"category","embeddable":true,"href":"https:\/\/ochfoundation.ca\/fr\/wp-json\/wp\/v2\/categories?post=5854"},{"taxonomy":"post_tag","embeddable":true,"href":"https:\/\/ochfoundation.ca\/fr\/wp-json\/wp\/v2\/tags?post=5854"}],"curies":[{"name":"wp","href":"https:\/\/api.w.org\/{rel}","templated":true}]}}