{"id":6108,"date":"2025-09-25T13:04:16","date_gmt":"2025-09-25T17:04:16","guid":{"rendered":"https:\/\/ochfoundation.ca\/non-classifiee\/le-nouveau-programme-dautopartage-electrique-a-mikinak-elargit-loffre-de-transport-ecologique-et-abordable\/"},"modified":"2025-09-25T13:41:26","modified_gmt":"2025-09-25T17:41:26","slug":"le-nouveau-programme-dautopartage-electrique-a-mikinak-elargit-loffre-de-transport-ecologique-et-abordable","status":"publish","type":"post","link":"https:\/\/ochfoundation.ca\/fr\/actualites\/le-nouveau-programme-dautopartage-electrique-a-mikinak-elargit-loffre-de-transport-ecologique-et-abordable\/","title":{"rendered":"Le nouveau programme d&rsquo;autopartage \u00e9lectrique \u00e0 Mikin\u00e0k \u00e9largit l&rsquo;offre de transport \u00e9cologique et abordable"},"content":{"rendered":"\t\t<div data-elementor-type=\"wp-post\" data-elementor-id=\"6108\" class=\"elementor elementor-6108 elementor-6094\" data-elementor-post-type=\"post\">\n\t\t\t\t<div class=\"elementor-element elementor-element-fd6913b e-flex e-con-boxed e-con e-parent\" data-id=\"fd6913b\" data-element_type=\"container\" data-e-type=\"container\">\n\t\t\t\t\t<div class=\"e-con-inner\">\n\t\t\t\t<div class=\"elementor-element elementor-element-4de7d88 elementor-widget elementor-widget-heading\" data-id=\"4de7d88\" data-element_type=\"widget\" data-e-type=\"widget\" data-widget_type=\"heading.default\">\n\t\t\t\t<div class=\"elementor-widget-container\">\n\t\t\t\t\t<h2 class=\"elementor-heading-title elementor-size-default\">Le nouveau programme d'autopartage \u00e9lectrique \u00e0 Mikin\u00e0k \u00e9largit l'offre de transport \u00e9cologique et abordable<\/h2>\t\t\t\t<\/div>\n\t\t\t\t<\/div>\n\t\t\t\t\t<\/div>\n\t\t\t\t<\/div>\n\t\t<div class=\"elementor-element elementor-element-32b1ad0 e-flex e-con-boxed e-con e-parent\" data-id=\"32b1ad0\" data-element_type=\"container\" data-e-type=\"container\">\n\t\t\t\t\t<div class=\"e-con-inner\">\n\t\t\t\t<div class=\"elementor-element elementor-element-309fd23 elementor-widget elementor-widget-image\" data-id=\"309fd23\" data-element_type=\"widget\" data-e-type=\"widget\" data-widget_type=\"image.default\">\n\t\t\t\t<div class=\"elementor-widget-container\">\n\t\t\t\t\t\t\t\t\t\t\t\t\t\t\t<img fetchpriority=\"high\" decoding=\"async\" width=\"768\" height=\"512\" src=\"https:\/\/ochfoundation.ca\/wp-content\/uploads\/2025\/09\/DSC07918-42-768x512.jpg\" class=\"attachment-medium_large size-medium_large wp-image-6097\" alt=\"\" srcset=\"https:\/\/ochfoundation.ca\/wp-content\/uploads\/2025\/09\/DSC07918-42-768x512.jpg 768w, https:\/\/ochfoundation.ca\/wp-content\/uploads\/2025\/09\/DSC07918-42-300x200.jpg 300w, https:\/\/ochfoundation.ca\/wp-content\/uploads\/2025\/09\/DSC07918-42-1024x683.jpg 1024w, https:\/\/ochfoundation.ca\/wp-content\/uploads\/2025\/09\/DSC07918-42-1536x1024.jpg 1536w, https:\/\/ochfoundation.ca\/wp-content\/uploads\/2025\/09\/DSC07918-42-2048x1365.jpg 2048w\" sizes=\"(max-width: 768px) 100vw, 768px\" \/>\t\t\t\t\t\t\t\t\t\t\t\t\t\t\t<\/div>\n\t\t\t\t<\/div>\n\t\t\t\t<div class=\"elementor-element elementor-element-ae10a3a elementor-widget elementor-widget-text-editor\" data-id=\"ae10a3a\" data-element_type=\"widget\" data-e-type=\"widget\" data-widget_type=\"text-editor.default\">\n\t\t\t\t<div class=\"elementor-widget-container\">\n\t\t\t\t\t\t\t\t\t<p data-start=\"207\" data-end=\"607\">Le 18 septembre, la Fondation LCO a fi\u00e8rement c\u00e9l\u00e9br\u00e9 le lancement d&rsquo;une nouvelle station d&rsquo;autopartage de v\u00e9hicules \u00e9lectriques (VE) \u00e0 Mikin\u00e0k, \u00e9largissant ainsi les options de transport abordables et durables pour les locataires de la Soci\u00e9t\u00e9 de logement communautaire d&rsquo;Ottawa. Ce programme novateur a \u00e9t\u00e9 rendu possible gr\u00e2ce \u00e0 un investissement de 250 000 dollars de la Fondation RBC, dont la mise en \u0153uvre a \u00e9t\u00e9 soutenue par les partenaires LCO, Communauto et EnviroCentre. <\/p>\n<p data-start=\"609\" data-end=\"912\">Le service de covoiturage \u00e9lectrique permet aux locataires d&rsquo;acc\u00e9der \u00e0 un v\u00e9hicule lorsqu&rsquo;ils en ont besoin, que ce soit pour faire des courses, se rendre \u00e0 des rendez-vous, aller au travail ou rendre visite \u00e0 leur famille, sans avoir \u00e0 supporter les co\u00fbts et les responsabilit\u00e9s li\u00e9s \u00e0 la possession d&rsquo;une voiture. En partageant des v\u00e9hicules, les r\u00e9sidents r\u00e9duisent collectivement les \u00e9missions de gaz \u00e0 effet de serre et les embouteillages tout en faisant des \u00e9conomies. <\/p>\n<p data-start=\"609\" data-end=\"912\">La station de recharge pour v\u00e9hicules \u00e9lectriques de Mikin\u00e0k, install\u00e9e le 1er ao\u00fbt, s&rsquo;appuie sur le succ\u00e8s du premier service d&rsquo;autopartage de v\u00e9hicules \u00e9lectriques de LCO au 811 Gladstone, qui a desservi 255 r\u00e9sidents et parcouru plus de 34 000 kilom\u00e8tres en deux ans. Face \u00e0 la demande croissante, LCO pr\u00e9voit d&rsquo;\u00e9tendre l&rsquo;acc\u00e8s \u00e0 l&rsquo;autopartage de v\u00e9hicules \u00e9lectriques \u00e0 d&rsquo;autres communaut\u00e9s, en int\u00e9grant des infrastructures de recharge dans ses futurs projets. <\/p>\t\t\t\t\t\t\t\t<\/div>\n\t\t\t\t<\/div>\n\t\t\t\t<div class=\"elementor-element elementor-element-ed43901 elementor-widget elementor-widget-image\" data-id=\"ed43901\" data-element_type=\"widget\" data-e-type=\"widget\" data-widget_type=\"image.default\">\n\t\t\t\t<div class=\"elementor-widget-container\">\n\t\t\t\t\t\t\t\t\t\t\t\t\t\t\t<img decoding=\"async\" width=\"768\" height=\"512\" src=\"https:\/\/ochfoundation.ca\/wp-content\/uploads\/2025\/09\/DSC07886-30-768x512.jpg\" class=\"attachment-medium_large size-medium_large wp-image-6101\" alt=\"\" srcset=\"https:\/\/ochfoundation.ca\/wp-content\/uploads\/2025\/09\/DSC07886-30-768x512.jpg 768w, https:\/\/ochfoundation.ca\/wp-content\/uploads\/2025\/09\/DSC07886-30-300x200.jpg 300w, https:\/\/ochfoundation.ca\/wp-content\/uploads\/2025\/09\/DSC07886-30-1024x683.jpg 1024w, https:\/\/ochfoundation.ca\/wp-content\/uploads\/2025\/09\/DSC07886-30-1536x1024.jpg 1536w, https:\/\/ochfoundation.ca\/wp-content\/uploads\/2025\/09\/DSC07886-30-2048x1365.jpg 2048w\" sizes=\"(max-width: 768px) 100vw, 768px\" \/>\t\t\t\t\t\t\t\t\t\t\t\t\t\t\t<\/div>\n\t\t\t\t<\/div>\n\t\t\t\t<div class=\"elementor-element elementor-element-8954e80 elementor-widget elementor-widget-text-editor\" data-id=\"8954e80\" data-element_type=\"widget\" data-e-type=\"widget\" data-widget_type=\"text-editor.default\">\n\t\t\t\t<div class=\"elementor-widget-container\">\n\t\t\t\t\t\t\t\t\t<p data-start=\"207\" data-end=\"607\">\u00ab Le lancement de ce programme de covoiturage \u00e9lectrique \u00e0 Mikin\u00e0k est une \u00e9tape importante pour notre communaut\u00e9 \u00bb, a d\u00e9clar\u00e9 Traci Spour-Lafrance, directrice g\u00e9n\u00e9rale de la Fondation LCO. \u00ab En offrant aux r\u00e9sidents un moyen de transport durable et abordable \u00e0 leur porte, nous leur permettons de se d\u00e9placer plus facilement tout en r\u00e9duisant les co\u00fbts li\u00e9s \u00e0 la possession d&rsquo;une voiture. Cette r\u00e9alisation n&rsquo;aurait pas \u00e9t\u00e9 possible sans la vision et la g\u00e9n\u00e9rosit\u00e9 de la Fondation RBC, l&rsquo;expertise d&rsquo;EnviroCentre, de Communauto et de l&rsquo;\u00e9quipe de conservation et de durabilit\u00e9 de la LCO. Nous leur sommes profond\u00e9ment reconnaissants de leur partenariat qui a permis de concr\u00e9tiser ce projet. Plus qu&rsquo;une simple commodit\u00e9, ce programme montre ce qu&rsquo;il est possible de r\u00e9aliser lorsque l&rsquo;innovation et la communaut\u00e9 s&rsquo;unissent, et ce n&rsquo;est qu&rsquo;un d\u00e9but. Ensemble, nous avan\u00e7ons vers un avenir plus vert et plus connect\u00e9 pour tous. \u00bb<\/p><p data-start=\"1732\" data-end=\"1798\">Les partenaires ont \u00e9galement soulign\u00e9 l&rsquo;impact communautaire et environnemental de ce programme. Jennifer Stelzer, directrice de l&rsquo;impact strat\u00e9gique chez EnviroCentre, a fait remarquer que \u00ab gr\u00e2ce \u00e0 l&rsquo;\u00e9largissement de l&rsquo;acc\u00e8s \u00e0 la mobilit\u00e9 \u00e9lectrique, les locataires b\u00e9n\u00e9ficient de choix de transport abordables, \u00e0 faibles \u00e9missions de carbone et ax\u00e9s sur la communaut\u00e9, ce qui prouve que la durabilit\u00e9 peut \u00eatre pratique, inclusive et \u00e0 la port\u00e9e de tous les r\u00e9sidents d&rsquo;Ottawa \u00bb. Marco Viviani, vice-pr\u00e9sident du d\u00e9veloppement strat\u00e9gique chez Communauto, a d\u00e9clar\u00e9 : \u00ab Chez Communauto, notre mission est de rendre la mobilit\u00e9 durable simple et accessible. Fort du succ\u00e8s rencontr\u00e9 au 811 Gladstone, l&rsquo;ajout de Mikin\u00e0k montre comment la mobilit\u00e9 \u00e9lectrique partag\u00e9e peut \u00eatre d\u00e9velopp\u00e9e \u00e0 plus grande \u00e9chelle afin de profiter \u00e0 davantage de m\u00e9nages et de contribuer \u00e0 rendre Ottawa plus propre. \u00bb  <\/p><p data-start=\"2139\" data-end=\"2326\">Gr\u00e2ce \u00e0 des initiatives comme celle-ci, la Fondation LCO et la Soci\u00e9t\u00e9 de logement communautaire d&rsquo;Ottawa (LCO) continuent de travailler en collaboration pour am\u00e9liorer la qualit\u00e9 de vie des r\u00e9sidents tout en favorisant la durabilit\u00e9, l&rsquo;\u00e9quit\u00e9 et les liens communautaires.<\/p>\t\t\t\t\t\t\t\t<\/div>\n\t\t\t\t<\/div>\n\t\t\t\t<div class=\"elementor-element elementor-element-88e7547 elementor-widget elementor-widget-image\" data-id=\"88e7547\" data-element_type=\"widget\" data-e-type=\"widget\" data-widget_type=\"image.default\">\n\t\t\t\t<div class=\"elementor-widget-container\">\n\t\t\t\t\t\t\t\t\t\t\t\t\t\t\t<img decoding=\"async\" width=\"768\" height=\"512\" src=\"https:\/\/ochfoundation.ca\/wp-content\/uploads\/2025\/09\/DSC07951-53-768x512.jpg\" class=\"attachment-medium_large size-medium_large wp-image-6099\" alt=\"\" srcset=\"https:\/\/ochfoundation.ca\/wp-content\/uploads\/2025\/09\/DSC07951-53-768x512.jpg 768w, https:\/\/ochfoundation.ca\/wp-content\/uploads\/2025\/09\/DSC07951-53-300x200.jpg 300w, https:\/\/ochfoundation.ca\/wp-content\/uploads\/2025\/09\/DSC07951-53-1024x683.jpg 1024w, https:\/\/ochfoundation.ca\/wp-content\/uploads\/2025\/09\/DSC07951-53-1536x1024.jpg 1536w, https:\/\/ochfoundation.ca\/wp-content\/uploads\/2025\/09\/DSC07951-53-2048x1365.jpg 2048w\" sizes=\"(max-width: 768px) 100vw, 768px\" \/>\t\t\t\t\t\t\t\t\t\t\t\t\t\t\t<\/div>\n\t\t\t\t<\/div>\n\t\t\t\t\t<\/div>\n\t\t\t\t<\/div>\n\t\t<div class=\"elementor-element elementor-element-826d743 e-flex e-con-boxed e-con e-parent\" data-id=\"826d743\" data-element_type=\"container\" data-e-type=\"container\">\n\t\t\t\t\t<div class=\"e-con-inner\">\n\t\t\t\t\t<\/div>\n\t\t\t\t<\/div>\n\t\t\t\t<\/div>\n\t\t","protected":false},"excerpt":{"rendered":"<p>Le nouveau programme d&rsquo;autopartage \u00e9lectrique \u00e0 Mikin\u00e0k \u00e9largit l&rsquo;offre de transport \u00e9cologique et abordable Le 18 septembre, la Fondation LCO a fi\u00e8rement c\u00e9l\u00e9br\u00e9 le lancement d&rsquo;une nouvelle station d&rsquo;autopartage de v\u00e9hicules \u00e9lectriques (VE) \u00e0 Mikin\u00e0k, \u00e9largissant ainsi les options de transport abordables et durables pour les locataires de la Soci\u00e9t\u00e9 de logement communautaire d&rsquo;Ottawa. Ce [&hellip;]<\/p>\n","protected":false},"author":4,"featured_media":6097,"comment_status":"closed","ping_status":"closed","sticky":false,"template":"","format":"standard","meta":{"footnotes":""},"categories":[41],"tags":[],"class_list":["post-6108","post","type-post","status-publish","format-standard","has-post-thumbnail","hentry","category-actualites"],"_links":{"self":[{"href":"https:\/\/ochfoundation.ca\/fr\/wp-json\/wp\/v2\/posts\/6108","targetHints":{"allow":["GET"]}}],"collection":[{"href":"https:\/\/ochfoundation.ca\/fr\/wp-json\/wp\/v2\/posts"}],"about":[{"href":"https:\/\/ochfoundation.ca\/fr\/wp-json\/wp\/v2\/types\/post"}],"author":[{"embeddable":true,"href":"https:\/\/ochfoundation.ca\/fr\/wp-json\/wp\/v2\/users\/4"}],"replies":[{"embeddable":true,"href":"https:\/\/ochfoundation.ca\/fr\/wp-json\/wp\/v2\/comments?post=6108"}],"version-history":[{"count":2,"href":"https:\/\/ochfoundation.ca\/fr\/wp-json\/wp\/v2\/posts\/6108\/revisions"}],"predecessor-version":[{"id":6118,"href":"https:\/\/ochfoundation.ca\/fr\/wp-json\/wp\/v2\/posts\/6108\/revisions\/6118"}],"wp:featuredmedia":[{"embeddable":true,"href":"https:\/\/ochfoundation.ca\/fr\/wp-json\/wp\/v2\/media\/6097"}],"wp:attachment":[{"href":"https:\/\/ochfoundation.ca\/fr\/wp-json\/wp\/v2\/media?parent=6108"}],"wp:term":[{"taxonomy":"category","embeddable":true,"href":"https:\/\/ochfoundation.ca\/fr\/wp-json\/wp\/v2\/categories?post=6108"},{"taxonomy":"post_tag","embeddable":true,"href":"https:\/\/ochfoundation.ca\/fr\/wp-json\/wp\/v2\/tags?post=6108"}],"curies":[{"name":"wp","href":"https:\/\/api.w.org\/{rel}","templated":true}]}}