{"id":6839,"date":"2026-02-10T15:08:54","date_gmt":"2026-02-10T20:08:54","guid":{"rendered":"https:\/\/ochfoundation.ca\/non-classifiee\/une-nouvelle-cohorte-un-heritage-grandissant-avenir-jeunesse-2026\/"},"modified":"2026-04-21T14:46:18","modified_gmt":"2026-04-21T18:46:18","slug":"une-nouvelle-cohorte-un-heritage-grandissant-avenir-jeunesse-2026","status":"publish","type":"post","link":"https:\/\/ochfoundation.ca\/fr\/actualites\/une-nouvelle-cohorte-un-heritage-grandissant-avenir-jeunesse-2026\/","title":{"rendered":"Une nouvelle cohorte, un h\u00e9ritage grandissant : Avenir Jeunesse 2026"},"content":{"rendered":"\t\t<div data-elementor-type=\"wp-post\" data-elementor-id=\"6839\" class=\"elementor elementor-6839 elementor-6816\" data-elementor-post-type=\"post\">\n\t\t\t\t<div class=\"elementor-element elementor-element-baa0cff e-flex e-con-boxed e-con e-parent\" data-id=\"baa0cff\" data-element_type=\"container\" data-e-type=\"container\">\n\t\t\t\t\t<div class=\"e-con-inner\">\n\t\t\t\t<div class=\"elementor-element elementor-element-7f1bfcf elementor-widget elementor-widget-heading\" data-id=\"7f1bfcf\" data-element_type=\"widget\" data-e-type=\"widget\" data-widget_type=\"heading.default\">\n\t\t\t\t<div class=\"elementor-widget-container\">\n\t\t\t\t\t<h2 class=\"elementor-heading-title elementor-size-default\">Une nouvelle cohorte, un h\u00e9ritage grandissant : Avenir Jeunesse 2026<\/h2>\t\t\t\t<\/div>\n\t\t\t\t<\/div>\n\t\t\t\t<div class=\"elementor-element elementor-element-0eb0b05 elementor-widget elementor-widget-image\" data-id=\"0eb0b05\" data-element_type=\"widget\" data-e-type=\"widget\" data-widget_type=\"image.default\">\n\t\t\t\t<div class=\"elementor-widget-container\">\n\t\t\t\t\t\t\t\t\t\t\t\t\t\t\t<img fetchpriority=\"high\" decoding=\"async\" width=\"768\" height=\"512\" src=\"https:\/\/ochfoundation.ca\/wp-content\/uploads\/2026\/02\/DSC00062-40-768x512.jpg\" class=\"attachment-medium_large size-medium_large wp-image-6823\" alt=\"\" srcset=\"https:\/\/ochfoundation.ca\/wp-content\/uploads\/2026\/02\/DSC00062-40-768x512.jpg 768w, https:\/\/ochfoundation.ca\/wp-content\/uploads\/2026\/02\/DSC00062-40-300x200.jpg 300w, https:\/\/ochfoundation.ca\/wp-content\/uploads\/2026\/02\/DSC00062-40-1024x683.jpg 1024w, https:\/\/ochfoundation.ca\/wp-content\/uploads\/2026\/02\/DSC00062-40-1536x1024.jpg 1536w, https:\/\/ochfoundation.ca\/wp-content\/uploads\/2026\/02\/DSC00062-40-2048x1365.jpg 2048w\" sizes=\"(max-width: 768px) 100vw, 768px\" \/>\t\t\t\t\t\t\t\t\t\t\t\t\t\t\t<\/div>\n\t\t\t\t<\/div>\n\t\t\t\t<div class=\"elementor-element elementor-element-7d96308 elementor-widget elementor-widget-text-editor\" data-id=\"7d96308\" data-element_type=\"widget\" data-e-type=\"widget\" data-widget_type=\"text-editor.default\">\n\t\t\t\t<div class=\"elementor-widget-container\">\n\t\t\t\t\t\t\t\t\t<p data-start=\"207\" data-end=\"607\"><strong>Ottawa, 10 F\u00e9vrier<\/strong> \u2013 Hier soir, la Ville d&rsquo;Ottawa, la Fondation de la Soci\u00e9t\u00e9 de logement communautaire d\u2019Ottawa (Fondation LCO) et le BGC Ottawa \u00e9taient fiers d&rsquo;accueillir la cohorte Avenir Jeunesse 2026. 155 jeunes prometteurs vont entamer ce parcours de six mois ax\u00e9 sur la croissance et l&rsquo;apprentissage. La soir\u00e9e a \u00e9t\u00e9 rendue encore plus significative par la pr\u00e9sence des partenaires communautaires et postsecondaires du programme, qui se sont joints \u00e0 nous pour accueillir la cohorte 2026 et r\u00e9affirmer leur engagement commun envers la r\u00e9ussite des jeunes.  <\/p><p data-start=\"525\" data-end=\"813\">Avec cette nouvelle promotion, Avenir Jeunesse a franchi une \u00e9tape incroyable. Depuis le lancement du programme il y a 18 ans, plus de 1 500 jeunes ont obtenu leur dipl\u00f4me. Avenir Jeunesse a d\u00e9marr\u00e9 en 2008 avec seulement cinq \u00e9tudiants et une id\u00e9e simple mais puissante : chaque jeune m\u00e9rite d&rsquo;avoir la chance de r\u00eaver en grand. Aujourd&rsquo;hui, le programme s&rsquo;est d\u00e9velopp\u00e9 pour devenir un programme dynamique \u00e0 l&rsquo;\u00e9chelle de la ville qui soutient plus de 150 jeunes chaque ann\u00e9e.    <\/p>\t\t\t\t\t\t\t\t<\/div>\n\t\t\t\t<\/div>\n\t\t\t\t<div class=\"elementor-element elementor-element-83742e5 elementor-widget elementor-widget-image\" data-id=\"83742e5\" data-element_type=\"widget\" data-e-type=\"widget\" data-widget_type=\"image.default\">\n\t\t\t\t<div class=\"elementor-widget-container\">\n\t\t\t\t\t\t\t\t\t\t\t\t\t\t\t<img decoding=\"async\" width=\"768\" height=\"513\" src=\"https:\/\/ochfoundation.ca\/wp-content\/uploads\/2026\/02\/Youth-Future-2026-36-768x513.jpg\" class=\"attachment-medium_large size-medium_large wp-image-6821\" alt=\"\" srcset=\"https:\/\/ochfoundation.ca\/wp-content\/uploads\/2026\/02\/Youth-Future-2026-36-768x513.jpg 768w, https:\/\/ochfoundation.ca\/wp-content\/uploads\/2026\/02\/Youth-Future-2026-36-300x200.jpg 300w, https:\/\/ochfoundation.ca\/wp-content\/uploads\/2026\/02\/Youth-Future-2026-36-1024x683.jpg 1024w, https:\/\/ochfoundation.ca\/wp-content\/uploads\/2026\/02\/Youth-Future-2026-36-1536x1025.jpg 1536w, https:\/\/ochfoundation.ca\/wp-content\/uploads\/2026\/02\/Youth-Future-2026-36-2048x1367.jpg 2048w\" sizes=\"(max-width: 768px) 100vw, 768px\" \/>\t\t\t\t\t\t\t\t\t\t\t\t\t\t\t<\/div>\n\t\t\t\t<\/div>\n\t\t\t\t<div class=\"elementor-element elementor-element-30cb8ae elementor-widget elementor-widget-text-editor\" data-id=\"30cb8ae\" data-element_type=\"widget\" data-e-type=\"widget\" data-widget_type=\"text-editor.default\">\n\t\t\t\t<div class=\"elementor-widget-container\">\n\t\t\t\t\t\t\t\t\t<p data-start=\"1238\" data-end=\"1505\">L&rsquo;un des signes les plus encourageants du succ\u00e8s continu de Avenir Jeunesse est le niveau d&rsquo;engagement que ses anciens participants continuent d&rsquo;entretenir avec le programme. Lors de l&rsquo;\u00e9v\u00e9nement de lancement de 2026, plusieurs anciens participants sont revenus pour rencontrer et encourager la nouvelle cohorte, leur apportant \u00e0 la fois r\u00e9confort et inspiration. Les anciens participants Zane Youness et Maeva Violette ont partag\u00e9 leurs r\u00e9flexions sinc\u00e8res sur leur propre parcours au sein de Avenir Jeunesse. Zane a parl\u00e9 avec franchise de l&rsquo;intimidation qu&rsquo;il a ressentie lors de son premier jour dans le programme, de l&rsquo;incertitude, du doute et de la peur de ne pas savoir ce qui l&rsquo;attendait. Il a expliqu\u00e9 comment le fait de surmonter ces sentiments l&rsquo;avait aid\u00e9 \u00e0 grandir et comment Avenir Jeunesse avait jou\u00e9 un r\u00f4le cl\u00e9 en le pr\u00e9parant \u00e0 affronter le monde avec confiance. Leur pr\u00e9sence a \u00e9t\u00e9 un rappel puissant de l&rsquo;impact transformateur du programme.     <\/p><p data-start=\"2117\" data-end=\"2507\">Avenir Jeunesse est plus qu&rsquo;un stage ou une s\u00e9rie d&rsquo;ateliers. Il s&rsquo;agit d&rsquo;un programme bilingue de six mois con\u00e7u pour aider les jeunes \u00e0 se pr\u00e9parer \u00e0 leurs \u00e9tudes postsecondaires et au monde qui les attend. Gr\u00e2ce au mentorat, au d\u00e9veloppement du leadership, \u00e0 la formation professionnelle et \u00e0 des stages r\u00e9mun\u00e9r\u00e9s, les participants acqui\u00e8rent des outils pratiques tout en renfor\u00e7ant leur confiance en eux et leur sentiment d&rsquo;appartenance \u00e0 la communaut\u00e9.  <\/p><p data-start=\"2780\" data-end=\"2895\">Comme l&rsquo;a d\u00e9clar\u00e9 Traci Spour-Lafrance, directrice g\u00e9n\u00e9rale de la Fondation LCO, dans son discours de bienvenue : \u00ab Avenir Jeunesse existe parce que nous croyons en votre potentiel. Ce programme ne vise pas seulement \u00e0 vous permettre d&rsquo;acqu\u00e9rir des comp\u00e9tences, mais aussi \u00e0 vous aider \u00e0 gagner en confiance, \u00e0 cr\u00e9er des liens et \u00e0 vous int\u00e9grer dans la communaut\u00e9. Et alors que vous vous appr\u00eatez \u00e0 vous lancer dans cette aventure, n&rsquo;oubliez pas ceci : vous m\u00e9ritez d&rsquo;\u00eatre ici. Votre voix compte. Vos id\u00e9es comptent. Votre avenir compte. \u00bb<\/p><p data-start=\"3310\" data-end=\"3584\">En tant que partenaire de ce programme aux c\u00f4t\u00e9s de la Ville d&rsquo;Ottawa et du BGC Ottawa, la Fondation LCO s&rsquo;engage \u00e0 soutenir les jeunes qui participent \u00e0 Avenir Jeunesse. Alors que la cohorte 2026 entame ce nouveau chapitre, nous croyons en leur potentiel \u00e0 imaginer un avenir audacieux, passionnant et r\u00e9alisable. Car l&rsquo;avenir n&rsquo;est pas quelque chose qui arrive tout seul. C&rsquo;est quelque chose que l&rsquo;on construit ensemble, pas \u00e0 pas.   <\/p><p data-start=\"4091\" data-end=\"4125\" data-is-last-node=\"\" data-is-only-node=\"\">Bienvenue \u00e0 Avenir Jeunesse 2026.<\/p>\t\t\t\t\t\t\t\t<\/div>\n\t\t\t\t<\/div>\n\t\t\t\t\t<\/div>\n\t\t\t\t<\/div>\n\t\t<div class=\"elementor-element elementor-element-3d25e92 e-flex e-con-boxed e-con e-parent\" data-id=\"3d25e92\" data-element_type=\"container\" data-e-type=\"container\">\n\t\t\t\t\t<div class=\"e-con-inner\">\n\t\t\t\t<div class=\"elementor-element elementor-element-b5a3317 elementor-nav-menu--dropdown-tablet elementor-nav-menu__text-align-aside elementor-nav-menu--toggle elementor-nav-menu--burger elementor-widget elementor-widget-nav-menu\" data-id=\"b5a3317\" data-element_type=\"widget\" data-e-type=\"widget\" data-settings=\"{&quot;layout&quot;:&quot;horizontal&quot;,&quot;submenu_icon&quot;:{&quot;value&quot;:&quot;&lt;i class=\\&quot;fas fa-caret-down\\&quot; aria-hidden=\\&quot;true\\&quot;&gt;&lt;\\\/i&gt;&quot;,&quot;library&quot;:&quot;fa-solid&quot;},&quot;toggle&quot;:&quot;burger&quot;}\" data-widget_type=\"nav-menu.default\">\n\t\t\t\t<div class=\"elementor-widget-container\">\n\t\t\t\t\t\t\t\t<nav aria-label=\"Menu\" class=\"elementor-nav-menu--main elementor-nav-menu__container elementor-nav-menu--layout-horizontal e--pointer-underline e--animation-fade\">\n\t\t\t\t<ul id=\"menu-1-b5a3317\" class=\"elementor-nav-menu\"><li class=\"menu-item menu-item-type-post_type menu-item-object-page menu-item-7609\"><a href=\"https:\/\/ochfoundation.ca\/fr\/a-propos-de-nous\/\" class=\"elementor-item\">\u00c0 PROPOS DE NOUS<\/a><\/li>\n<li class=\"menu-item menu-item-type-post_type menu-item-object-page menu-item-7610\"><a href=\"https:\/\/ochfoundation.ca\/fr\/programmes\/\" class=\"elementor-item\">PROGRAMS<\/a><\/li>\n<li class=\"menu-item menu-item-type-post_type menu-item-object-page menu-item-7611\"><a href=\"https:\/\/ochfoundation.ca\/fr\/simpliquer\/\" class=\"elementor-item\">S&rsquo;IMPLIQUER<\/a><\/li>\n<li class=\"menu-item menu-item-type-post_type menu-item-object-page menu-item-7612\"><a href=\"https:\/\/ochfoundation.ca\/fr\/nouvelles-et-evenements\/\" class=\"elementor-item\">NOUVELLES ET \u00c9V\u00c9NEMENTS<\/a><\/li>\n<li class=\"menu-item menu-item-type-post_type menu-item-object-page menu-item-7613\"><a href=\"https:\/\/ochfoundation.ca\/fr\/conditions-dutilisation-des-medias-sociaux\/\" class=\"elementor-item\">CONDITIONS D\u2019UTILISATION DES MEDIAS SOCIAUX<\/a><\/li>\n<li class=\"menu-item menu-item-type-post_type menu-item-object-page menu-item-7614\"><a href=\"https:\/\/ochfoundation.ca\/fr\/site-internet-clause-de-non-responsabilite\/\" class=\"elementor-item\">SITE INTERNET CLAUSE DE NON-RESPONSABILITE<\/a><\/li>\n<li class=\"menu-item menu-item-type-post_type menu-item-object-page menu-item-4018\"><a href=\"https:\/\/ochfoundation.ca\/fr\/a-propos-de-nous\/notre-promesse\/\" class=\"elementor-item\">NOTRE PROMESSE<\/a><\/li>\n<\/ul>\t\t\t<\/nav>\n\t\t\t\t\t<div class=\"elementor-menu-toggle\" role=\"button\" tabindex=\"0\" aria-label=\"Permuter le menu\" aria-expanded=\"false\">\n\t\t\t<i aria-hidden=\"true\" role=\"presentation\" class=\"elementor-menu-toggle__icon--open eicon-menu-bar\"><\/i><i aria-hidden=\"true\" role=\"presentation\" class=\"elementor-menu-toggle__icon--close eicon-close\"><\/i>\t\t<\/div>\n\t\t\t\t\t<nav class=\"elementor-nav-menu--dropdown elementor-nav-menu__container\" aria-hidden=\"true\">\n\t\t\t\t<ul id=\"menu-2-b5a3317\" class=\"elementor-nav-menu\"><li class=\"menu-item menu-item-type-post_type menu-item-object-page menu-item-7609\"><a href=\"https:\/\/ochfoundation.ca\/fr\/a-propos-de-nous\/\" class=\"elementor-item\" tabindex=\"-1\">\u00c0 PROPOS DE NOUS<\/a><\/li>\n<li class=\"menu-item menu-item-type-post_type menu-item-object-page menu-item-7610\"><a href=\"https:\/\/ochfoundation.ca\/fr\/programmes\/\" class=\"elementor-item\" tabindex=\"-1\">PROGRAMS<\/a><\/li>\n<li class=\"menu-item menu-item-type-post_type menu-item-object-page menu-item-7611\"><a href=\"https:\/\/ochfoundation.ca\/fr\/simpliquer\/\" class=\"elementor-item\" tabindex=\"-1\">S&rsquo;IMPLIQUER<\/a><\/li>\n<li class=\"menu-item menu-item-type-post_type menu-item-object-page menu-item-7612\"><a href=\"https:\/\/ochfoundation.ca\/fr\/nouvelles-et-evenements\/\" class=\"elementor-item\" tabindex=\"-1\">NOUVELLES ET \u00c9V\u00c9NEMENTS<\/a><\/li>\n<li class=\"menu-item menu-item-type-post_type menu-item-object-page menu-item-7613\"><a href=\"https:\/\/ochfoundation.ca\/fr\/conditions-dutilisation-des-medias-sociaux\/\" class=\"elementor-item\" tabindex=\"-1\">CONDITIONS D\u2019UTILISATION DES MEDIAS SOCIAUX<\/a><\/li>\n<li class=\"menu-item menu-item-type-post_type menu-item-object-page menu-item-7614\"><a href=\"https:\/\/ochfoundation.ca\/fr\/site-internet-clause-de-non-responsabilite\/\" class=\"elementor-item\" tabindex=\"-1\">SITE INTERNET CLAUSE DE NON-RESPONSABILITE<\/a><\/li>\n<li class=\"menu-item menu-item-type-post_type menu-item-object-page menu-item-4018\"><a href=\"https:\/\/ochfoundation.ca\/fr\/a-propos-de-nous\/notre-promesse\/\" class=\"elementor-item\" tabindex=\"-1\">NOTRE PROMESSE<\/a><\/li>\n<\/ul>\t\t\t<\/nav>\n\t\t\t\t\t\t<\/div>\n\t\t\t\t<\/div>\n\t\t\t\t\t<\/div>\n\t\t\t\t<\/div>\n\t\t\t\t<\/div>\n\t\t","protected":false},"excerpt":{"rendered":"<p>Une nouvelle cohorte, un h\u00e9ritage grandissant : Avenir Jeunesse 2026 Ottawa, 10 F\u00e9vrier \u2013 Hier soir, la Ville d&rsquo;Ottawa, la Fondation de la Soci\u00e9t\u00e9 de logement communautaire d\u2019Ottawa (Fondation LCO) et le BGC Ottawa \u00e9taient fiers d&rsquo;accueillir la cohorte Avenir Jeunesse 2026. 155 jeunes prometteurs vont entamer ce parcours de six mois ax\u00e9 sur la [&hellip;]<\/p>\n","protected":false},"author":4,"featured_media":6823,"comment_status":"closed","ping_status":"open","sticky":false,"template":"","format":"standard","meta":{"footnotes":""},"categories":[41],"tags":[],"class_list":["post-6839","post","type-post","status-publish","format-standard","has-post-thumbnail","hentry","category-actualites"],"_links":{"self":[{"href":"https:\/\/ochfoundation.ca\/fr\/wp-json\/wp\/v2\/posts\/6839","targetHints":{"allow":["GET"]}}],"collection":[{"href":"https:\/\/ochfoundation.ca\/fr\/wp-json\/wp\/v2\/posts"}],"about":[{"href":"https:\/\/ochfoundation.ca\/fr\/wp-json\/wp\/v2\/types\/post"}],"author":[{"embeddable":true,"href":"https:\/\/ochfoundation.ca\/fr\/wp-json\/wp\/v2\/users\/4"}],"replies":[{"embeddable":true,"href":"https:\/\/ochfoundation.ca\/fr\/wp-json\/wp\/v2\/comments?post=6839"}],"version-history":[{"count":2,"href":"https:\/\/ochfoundation.ca\/fr\/wp-json\/wp\/v2\/posts\/6839\/revisions"}],"predecessor-version":[{"id":8332,"href":"https:\/\/ochfoundation.ca\/fr\/wp-json\/wp\/v2\/posts\/6839\/revisions\/8332"}],"wp:featuredmedia":[{"embeddable":true,"href":"https:\/\/ochfoundation.ca\/fr\/wp-json\/wp\/v2\/media\/6823"}],"wp:attachment":[{"href":"https:\/\/ochfoundation.ca\/fr\/wp-json\/wp\/v2\/media?parent=6839"}],"wp:term":[{"taxonomy":"category","embeddable":true,"href":"https:\/\/ochfoundation.ca\/fr\/wp-json\/wp\/v2\/categories?post=6839"},{"taxonomy":"post_tag","embeddable":true,"href":"https:\/\/ochfoundation.ca\/fr\/wp-json\/wp\/v2\/tags?post=6839"}],"curies":[{"name":"wp","href":"https:\/\/api.w.org\/{rel}","templated":true}]}}